{"id":24643,"date":"2022-12-13T08:44:00","date_gmt":"2022-12-13T13:44:00","guid":{"rendered":"https:\/\/immetis.com\/international-experience-canada-an-attractive-tool-for-recruiting-young-talent\/"},"modified":"2024-11-08T09:45:55","modified_gmt":"2024-11-08T09:45:55","slug":"international-experience-canada-an-attractive-tool-for-recruiting-young-talent","status":"publish","type":"post","link":"https:\/\/immetis.com\/en\/international-experience-canada-an-attractive-tool-for-recruiting-young-talent\/","title":{"rendered":"International Experience Canada: an attractive tool for recruiting young talent"},"content":{"rendered":"\n<div style=\"height:30px\" aria-hidden=\"true\" class=\"wp-block-spacer\"><\/div>\n\n\n\n<h4 class=\"wp-block-heading\" id=\"h-the-date-to-remember-for-employers-in-montreal-recruiting-internationally-is-9-january-2023-the-international-experience-canada-iec-program-will-be-opening-for-a-new-season-with-20-more-places-available\"><strong>The date to remember for employers in Montreal recruiting internationally is 9 January 2023. The <a href=\"https:\/\/www.canada.ca\/en\/immigration-refugees-citizenship\/services\/work-canada\/iec1.html\" target=\"_blank\" rel=\"noreferrer noopener\">International Experience Canada<\/a> (IEC) program will be opening for a new season, with 20% more places available.<\/strong><\/h4>\n\n\n\n<h4 class=\"wp-block-heading\"><strong>The program enables young talent from 36 countries to obtain a work permit valid for 12 to 24 months with the advantage of a facilitated process.<\/strong><\/h4>\n\n\n\n<div style=\"height:30px\" aria-hidden=\"true\" class=\"wp-block-spacer\"><\/div>\n\n\n\n<h2 class=\"wp-block-heading\" id=\"h-about-international-experience-canada\"><strong>About International Experience Canada<\/strong><\/h2>\n\n\n\n<div style=\"height:30px\" aria-hidden=\"true\" class=\"wp-block-spacer\"><\/div>\n\n\n\n<p>Canada has negotiated mobility agreements with 36 countries as part of the IEC program. These agreements enable young talent from these countries to obtain their work permits, and therefore to settle in Canada, for an initial period of between 12 and 24 months.<\/p>\n\n\n\n<div style=\"height:30px\" aria-hidden=\"true\" class=\"wp-block-spacer\"><\/div>\n\n\n\n<h3 class=\"wp-block-heading\" id=\"h-three-participation-categories\"><em><strong>Three participation categories<\/strong><\/em><\/h3>\n\n\n\n<div style=\"height:20px\" aria-hidden=\"true\" class=\"wp-block-spacer\"><\/div>\n\n\n\n<p>The <strong>Working Holiday Visa<\/strong> is the best known of the IEC permits. This is an <strong>open work permit<\/strong>, which does not require any intervention from a Canadian employer. This process involves being drawn from a pool and does not offer any guarantee of obtaining a permit.<\/p>\n\n\n\n<div style=\"height:20px\" aria-hidden=\"true\" class=\"wp-block-spacer\"><\/div>\n\n\n\n<p>The IEC program includes two other categories of work permits. These are less known, but with many advantages, the <strong>Young Professional<\/strong> and <strong>International Co-Op Internship<\/strong> permits require the applicant to hold a job offer from a Canadian employer.<\/p>\n\n\n\n<div style=\"height:20px\" aria-hidden=\"true\" class=\"wp-block-spacer\"><\/div>\n\n\n\n<p>The applicant will get an <strong>employer-specific permit<\/strong>, one to be able to complete an internship in their study area, and the other for international professional experience.<\/p>\n\n\n\n<div style=\"height:20px\" aria-hidden=\"true\" class=\"wp-block-spacer\"><\/div>\n\n\n\n<h3 class=\"wp-block-heading\" id=\"h-2023-an-important-year-for-iec\"><em><strong>2023: An important year for IEC<\/strong><\/em><\/h3>\n\n\n\n<div style=\"height:20px\" aria-hidden=\"true\" class=\"wp-block-spacer\"><\/div>\n\n\n\n<p>The IEC is a seasonal program using quotas, usually available nine months of the year, and which delivers 7500 permits each season.<\/p>\n\n\n\n<div style=\"height:20px\" aria-hidden=\"true\" class=\"wp-block-spacer\"><\/div>\n\n\n\n<p>For 2023, the program will open at the beginning of January, and should enable the issuing of <strong>90 000 work permits<\/strong>, a <strong><a href=\"https:\/\/www.canada.ca\/en\/immigration-refugees-citizenship\/news\/2022\/12\/government-of-canada-allowing-more-international-youth-to-work-and-travel-in-canada.html\" target=\"_blank\" rel=\"noreferrer noopener\">20% increase<\/a><\/strong> in the number of talent able to work in Canada!<\/p>\n\n\n\n<div style=\"height:30px\" aria-hidden=\"true\" class=\"wp-block-spacer\"><\/div>\n\n\n\n<h2 class=\"wp-block-heading\"><strong>What are the talents being recruited with International Experience Canada?<\/strong><\/h2>\n\n\n\n<div style=\"height:30px\" aria-hidden=\"true\" class=\"wp-block-spacer\"><\/div>\n\n\n\n<p>There are numerous French, German, Belgian, or Italian nationals who benefit from the International Experience Canada program each year.<\/p>\n\n\n\n<div style=\"height:20px\" aria-hidden=\"true\" class=\"wp-block-spacer\"><\/div>\n\n\n\n<p>Yet they are far from being the only nationals to participate in the program. In total, 36 nationalities qualify for the IEC, notably, Croatian, Taiwanese, New Zealand, and Korean nationals.<\/p>\n\n\n\n<div style=\"height:20px\" aria-hidden=\"true\" class=\"wp-block-spacer\"><\/div>\n\n\n\n<p>Conditions for participating in the program, together with the category of work permit available, <strong>vary from country to country<\/strong> according to the agreements made with Canada. If candidates between the ages of 30 and 35 can normally take part in the program, the duration of the permit, as well as the possibility to renew it, can differ.<\/p>\n\n\n\n<div style=\"height:20px\" aria-hidden=\"true\" class=\"wp-block-spacer\"><\/div>\n\n\n\n<p>For example, a French national between the ages of 18 and 35, can obtain a Young Professional work permit with a duration of 24 months, non-renewable within the same category. He\/She can take part in the IEC a second time by obtaining an International Co-op internship work permit. However, it is not possible to cumulate a Young Professional permit and a Working Holiday Visa.<\/p>\n\n\n\n<div style=\"height:20px\" aria-hidden=\"true\" class=\"wp-block-spacer\"><\/div>\n\n\n\n<p>In comparison, Italian nationals aged between 18 and 35, can, <strong><a href=\"https:\/\/www.canada.ca\/fr\/immigration-refugies-citoyennete\/nouvelles\/2022\/11\/un-nouvel-accord-sur-la-mobilite-des-jeunes-avec-litalie-elargit-les-possibilites-de-travail-pour-les-jeunes-canadiens-et-italiens.html\" target=\"_blank\" rel=\"noreferrer noopener\">since 2022<\/a><\/strong>, obtain a Young Professional work permit for 12 months, renewable for a further 12 months.<\/p>\n\n\n\n<div style=\"height:30px\" aria-hidden=\"true\" class=\"wp-block-spacer\"><\/div>\n\n\n\n<h2 class=\"wp-block-heading\"><strong>A facilitated process<\/strong><\/h2>\n\n\n\n<div style=\"height:30px\" aria-hidden=\"true\" class=\"wp-block-spacer\"><\/div>\n\n\n\n<p>The International Experience Canada program allows the issue of a work permit exempted from a <u><strong><a href=\"https:\/\/immetis.com\/en\/hiring-a-foreign-worker\/\" target=\"_blank\" rel=\"noreferrer noopener\">Labour Market Impact Assessment<\/a><\/strong><\/u> (LMIA).<\/p>\n\n\n\n<div style=\"height:20px\" aria-hidden=\"true\" class=\"wp-block-spacer\"><\/div>\n\n\n\n<p>For the Young Professional and International Co-Op Internship work permits, a job offer, on the IRCC employer portal, is sufficient, thus reducing the administrative procedures for the employer, and the government fees to $230.<\/p>\n\n\n\n<div style=\"height:20px\" aria-hidden=\"true\" class=\"wp-block-spacer\"><\/div>\n\n\n\n<p>The processing period, which is identical for all participants in the program, is also attractive. It varies from 5 to 8 weeks from the date of the biometric data collection.<\/p>\n\n\n\n<div style=\"height:30px\" aria-hidden=\"true\" class=\"wp-block-spacer\"><\/div>\n\n\n\n<h2 class=\"wp-block-heading\"><strong>The IEC program: a reflex to have?<\/strong><\/h2>\n\n\n\n<div style=\"height:30px\" aria-hidden=\"true\" class=\"wp-block-spacer\"><\/div>\n\n\n\n<p>Whatever the situation, it needs to be analysed <strong>before any work permit application<\/strong>, in order to decide on the best option.<\/p>\n\n\n\n<div style=\"height:20px\" aria-hidden=\"true\" class=\"wp-block-spacer\"><\/div>\n\n\n\n<p>Because of the large number of countries concerned by the IEC, when starting a work permit application, it is a good idea to <strong>have the reflex of checking if your talent is a citizen of one of the countries benefitting from the IEC programs.<\/strong><\/p>\n\n\n\n<div style=\"height:20px\" aria-hidden=\"true\" class=\"wp-block-spacer\"><\/div>\n\n\n\n<p>The result of this analysis can also be to exclude using the IEC program. Indeed, depending on the nationality of the candidate, the maximum duration of the permit obtained using this program is 12 to 24 months. Under other types of work permits, the initial duration can be 36 months.<\/p>\n\n\n\n<div style=\"height:20px\" aria-hidden=\"true\" class=\"wp-block-spacer\"><\/div>\n\n\n\n<p>The stakes for the employer, as well as the situation of the foreign worker, will help determine the best-adapted immigration program.<\/p>\n\n\n\n<div style=\"height:30px\" aria-hidden=\"true\" class=\"wp-block-spacer\"><\/div>\n\n\n\n<hr class=\"wp-block-separator has-alpha-channel-opacity\"\/>\n\n\n\n<p>The present article was updated on 12 December 2022.<\/p>\n\n\n\n<hr class=\"wp-block-separator has-alpha-channel-opacity\"\/>\n\n\n\n<p class=\"has-small-font-size\">Photo by\u00a0<a href=\"https:\/\/unsplash.com\/@brookecagle?utm_source=unsplash&amp;utm_medium=referral&amp;utm_content=creditCopyText\">Brooke Cagle<\/a>\u00a0on\u00a0<a href=\"https:\/\/unsplash.com\/fr\/s\/photos\/travailler?utm_source=unsplash&amp;utm_medium=referral&amp;utm_content=creditCopyText\">Unsplash<\/a><\/p>\n","protected":false},"excerpt":{"rendered":"<p>The date to remember for employers in Montreal recruiting internationally is 9 January 2023. The International Experience Canada (IEC) program will be opening for a new season, with 20% more places available.<\/p>\n","protected":false},"author":3,"featured_media":24639,"comment_status":"open","ping_status":"closed","sticky":false,"template":"","format":"standard","meta":{"_acf_changed":false,"footnotes":""},"categories":[180,238],"tags":[182,54,234],"class_list":["post-24643","post","type-post","status-publish","format-standard","has-post-thumbnail","hentry","category-francais","category-professionals","tag-employer","tag-foreign-worker","tag-immigration-en"],"acf":[],"yoast_head":"<!-- This site is optimized with the Yoast SEO Premium plugin v27.1 (Yoast SEO v27.1.1) - https:\/\/yoast.com\/product\/yoast-seo-premium-wordpress\/ -->\n<title>Opening of International Experience Canada - Imm\u00e9tis<\/title>\n<meta name=\"description\" content=\"International Experience Canada will open for a new season on January 9, 2023. A date to remember for employers.\" \/>\n<meta name=\"robots\" content=\"index, follow, max-snippet:-1, max-image-preview:large, max-video-preview:-1\" \/>\n<link rel=\"canonical\" href=\"https:\/\/immetis.com\/en\/international-experience-canada-an-attractive-tool-for-recruiting-young-talent\/\" \/>\n<meta property=\"og:locale\" content=\"en_US\" \/>\n<meta property=\"og:type\" content=\"article\" \/>\n<meta property=\"og:title\" content=\"Opening of International Experience Canada - Imm\u00e9tis\" \/>\n<meta property=\"og:description\" content=\"International Experience Canada will open for a new season on January 9, 2023. A date to remember for employers.\" \/>\n<meta property=\"og:url\" content=\"https:\/\/immetis.com\/en\/international-experience-canada-an-attractive-tool-for-recruiting-young-talent\/\" \/>\n<meta property=\"og:site_name\" content=\"Imm\u00e9tis\" \/>\n<meta property=\"article:publisher\" content=\"https:\/\/www.facebook.com\/immetis\/\" \/>\n<meta property=\"article:published_time\" content=\"2022-12-13T13:44:00+00:00\" \/>\n<meta property=\"article:modified_time\" content=\"2024-11-08T09:45:55+00:00\" \/>\n<meta property=\"og:image\" content=\"https:\/\/immetis.com\/wp-content\/uploads\/2024\/11\/Immetis-Linkedin-logo-reverse.png\" \/>\n\t<meta property=\"og:image:width\" content=\"1668\" \/>\n\t<meta property=\"og:image:height\" content=\"1668\" \/>\n\t<meta property=\"og:image:type\" content=\"image\/png\" \/>\n<meta name=\"author\" content=\"\u00c9quipe Imm\u00e9tis\" \/>\n<meta name=\"twitter:card\" content=\"summary_large_image\" \/>\n<meta name=\"twitter:title\" content=\"Opening of International Experience Canada - Imm\u00e9tis\" \/>\n<meta name=\"twitter:description\" content=\"International Experience Canada will open for a new season on January 9, 2023. A date to remember for employers.\" \/>\n<meta name=\"twitter:creator\" content=\"@Immetislawfirm\" \/>\n<meta name=\"twitter:site\" content=\"@Immetislawfirm\" \/>\n<meta name=\"twitter:label1\" content=\"Written by\" \/>\n\t<meta name=\"twitter:data1\" content=\"\u00c9quipe Imm\u00e9tis\" \/>\n\t<meta name=\"twitter:label2\" content=\"Est. reading time\" \/>\n\t<meta name=\"twitter:data2\" content=\"4 minutes\" \/>\n<script type=\"application\/ld+json\" class=\"yoast-schema-graph\">{\"@context\":\"https:\/\/schema.org\",\"@graph\":[{\"@type\":\"Article\",\"@id\":\"https:\/\/immetis.com\/en\/international-experience-canada-an-attractive-tool-for-recruiting-young-talent\/#article\",\"isPartOf\":{\"@id\":\"https:\/\/immetis.com\/en\/international-experience-canada-an-attractive-tool-for-recruiting-young-talent\/\"},\"author\":{\"name\":\"\u00c9quipe Imm\u00e9tis\",\"@id\":\"https:\/\/immetis.com\/en\/#\/schema\/person\/a09edaa68466ce439b34aad5827ebaad\"},\"headline\":\"International Experience Canada: an attractive tool for recruiting young talent\",\"datePublished\":\"2022-12-13T13:44:00+00:00\",\"dateModified\":\"2024-11-08T09:45:55+00:00\",\"mainEntityOfPage\":{\"@id\":\"https:\/\/immetis.com\/en\/international-experience-canada-an-attractive-tool-for-recruiting-young-talent\/\"},\"wordCount\":709,\"commentCount\":0,\"publisher\":{\"@id\":\"https:\/\/immetis.com\/en\/#organization\"},\"image\":{\"@id\":\"https:\/\/immetis.com\/en\/international-experience-canada-an-attractive-tool-for-recruiting-young-talent\/#primaryimage\"},\"thumbnailUrl\":\"\",\"keywords\":[\"Employer\",\"Foreign Worker\",\"Immigration\"],\"articleSection\":[\"Fran\u00e7ais\",\"Professionals\"],\"inLanguage\":\"en-CA\",\"potentialAction\":[{\"@type\":\"CommentAction\",\"name\":\"Comment\",\"target\":[\"https:\/\/immetis.com\/en\/international-experience-canada-an-attractive-tool-for-recruiting-young-talent\/#respond\"]}]},{\"@type\":\"WebPage\",\"@id\":\"https:\/\/immetis.com\/en\/international-experience-canada-an-attractive-tool-for-recruiting-young-talent\/\",\"url\":\"https:\/\/immetis.com\/en\/international-experience-canada-an-attractive-tool-for-recruiting-young-talent\/\",\"name\":\"Opening of International Experience Canada - Imm\u00e9tis\",\"isPartOf\":{\"@id\":\"https:\/\/immetis.com\/en\/#website\"},\"primaryImageOfPage\":{\"@id\":\"https:\/\/immetis.com\/en\/international-experience-canada-an-attractive-tool-for-recruiting-young-talent\/#primaryimage\"},\"image\":{\"@id\":\"https:\/\/immetis.com\/en\/international-experience-canada-an-attractive-tool-for-recruiting-young-talent\/#primaryimage\"},\"thumbnailUrl\":\"\",\"datePublished\":\"2022-12-13T13:44:00+00:00\",\"dateModified\":\"2024-11-08T09:45:55+00:00\",\"description\":\"International Experience Canada will open for a new season on January 9, 2023. A date to remember for employers.\",\"breadcrumb\":{\"@id\":\"https:\/\/immetis.com\/en\/international-experience-canada-an-attractive-tool-for-recruiting-young-talent\/#breadcrumb\"},\"inLanguage\":\"en-CA\",\"potentialAction\":[{\"@type\":\"ReadAction\",\"target\":[\"https:\/\/immetis.com\/en\/international-experience-canada-an-attractive-tool-for-recruiting-young-talent\/\"]}]},{\"@type\":\"ImageObject\",\"inLanguage\":\"en-CA\",\"@id\":\"https:\/\/immetis.com\/en\/international-experience-canada-an-attractive-tool-for-recruiting-young-talent\/#primaryimage\",\"url\":\"\",\"contentUrl\":\"\"},{\"@type\":\"BreadcrumbList\",\"@id\":\"https:\/\/immetis.com\/en\/international-experience-canada-an-attractive-tool-for-recruiting-young-talent\/#breadcrumb\",\"itemListElement\":[{\"@type\":\"ListItem\",\"position\":1,\"name\":\"Accueil\",\"item\":\"https:\/\/immetis.com\/en\/\"},{\"@type\":\"ListItem\",\"position\":2,\"name\":\"International Experience Canada: an attractive tool for recruiting young talent\"}]},{\"@type\":\"WebSite\",\"@id\":\"https:\/\/immetis.com\/en\/#website\",\"url\":\"https:\/\/immetis.com\/en\/\",\"name\":\"Imm\u00e9tis\",\"description\":\"Avocats en immigration et mobilit\u00e9 professionnelle au Canada\",\"publisher\":{\"@id\":\"https:\/\/immetis.com\/en\/#organization\"},\"potentialAction\":[{\"@type\":\"SearchAction\",\"target\":{\"@type\":\"EntryPoint\",\"urlTemplate\":\"https:\/\/immetis.com\/en\/?s={search_term_string}\"},\"query-input\":{\"@type\":\"PropertyValueSpecification\",\"valueRequired\":true,\"valueName\":\"search_term_string\"}}],\"inLanguage\":\"en-CA\"},{\"@type\":\"Organization\",\"@id\":\"https:\/\/immetis.com\/en\/#organization\",\"name\":\"Imm\u00e9tis\",\"url\":\"https:\/\/immetis.com\/en\/\",\"logo\":{\"@type\":\"ImageObject\",\"inLanguage\":\"en-CA\",\"@id\":\"https:\/\/immetis.com\/en\/#\/schema\/logo\/image\/\",\"url\":\"https:\/\/immetis.com\/wp-content\/uploads\/2024\/11\/Immetis-Linkedin-logo-reverse.png\",\"contentUrl\":\"https:\/\/immetis.com\/wp-content\/uploads\/2024\/11\/Immetis-Linkedin-logo-reverse.png\",\"width\":1668,\"height\":1668,\"caption\":\"Imm\u00e9tis\"},\"image\":{\"@id\":\"https:\/\/immetis.com\/en\/#\/schema\/logo\/image\/\"},\"sameAs\":[\"https:\/\/www.facebook.com\/immetis\/\",\"https:\/\/x.com\/Immetislawfirm\",\"https:\/\/www.instagram.com\/immetiscanada\",\"https:\/\/www.linkedin.com\/company\/immetis-legal-services\"]},{\"@type\":\"Person\",\"@id\":\"https:\/\/immetis.com\/en\/#\/schema\/person\/a09edaa68466ce439b34aad5827ebaad\",\"name\":\"\u00c9quipe Imm\u00e9tis\",\"image\":{\"@type\":\"ImageObject\",\"inLanguage\":\"en-CA\",\"@id\":\"https:\/\/immetis.com\/en\/#\/schema\/person\/image\/\",\"url\":\"https:\/\/secure.gravatar.com\/avatar\/354fa62cdb648dd9b389f3dcbb6024b844a9aff414f5e70190fc89e138b52a3d?s=96&d=mm&r=g\",\"contentUrl\":\"https:\/\/secure.gravatar.com\/avatar\/354fa62cdb648dd9b389f3dcbb6024b844a9aff414f5e70190fc89e138b52a3d?s=96&d=mm&r=g\",\"caption\":\"\u00c9quipe Imm\u00e9tis\"}}]}<\/script>\n<!-- \/ Yoast SEO Premium plugin. -->","yoast_head_json":{"title":"Opening of International Experience Canada - Imm\u00e9tis","description":"International Experience Canada will open for a new season on January 9, 2023. A date to remember for employers.","robots":{"index":"index","follow":"follow","max-snippet":"max-snippet:-1","max-image-preview":"max-image-preview:large","max-video-preview":"max-video-preview:-1"},"canonical":"https:\/\/immetis.com\/en\/international-experience-canada-an-attractive-tool-for-recruiting-young-talent\/","og_locale":"en_US","og_type":"article","og_title":"Opening of International Experience Canada - Imm\u00e9tis","og_description":"International Experience Canada will open for a new season on January 9, 2023. A date to remember for employers.","og_url":"https:\/\/immetis.com\/en\/international-experience-canada-an-attractive-tool-for-recruiting-young-talent\/","og_site_name":"Imm\u00e9tis","article_publisher":"https:\/\/www.facebook.com\/immetis\/","article_published_time":"2022-12-13T13:44:00+00:00","article_modified_time":"2024-11-08T09:45:55+00:00","og_image":[{"width":1668,"height":1668,"url":"https:\/\/immetis.com\/wp-content\/uploads\/2024\/11\/Immetis-Linkedin-logo-reverse.png","type":"image\/png"}],"author":"\u00c9quipe Imm\u00e9tis","twitter_card":"summary_large_image","twitter_title":"Opening of International Experience Canada - Imm\u00e9tis","twitter_description":"International Experience Canada will open for a new season on January 9, 2023. A date to remember for employers.","twitter_creator":"@Immetislawfirm","twitter_site":"@Immetislawfirm","twitter_misc":{"Written by":"\u00c9quipe Imm\u00e9tis","Est. reading time":"4 minutes"},"schema":{"@context":"https:\/\/schema.org","@graph":[{"@type":"Article","@id":"https:\/\/immetis.com\/en\/international-experience-canada-an-attractive-tool-for-recruiting-young-talent\/#article","isPartOf":{"@id":"https:\/\/immetis.com\/en\/international-experience-canada-an-attractive-tool-for-recruiting-young-talent\/"},"author":{"name":"\u00c9quipe Imm\u00e9tis","@id":"https:\/\/immetis.com\/en\/#\/schema\/person\/a09edaa68466ce439b34aad5827ebaad"},"headline":"International Experience Canada: an attractive tool for recruiting young talent","datePublished":"2022-12-13T13:44:00+00:00","dateModified":"2024-11-08T09:45:55+00:00","mainEntityOfPage":{"@id":"https:\/\/immetis.com\/en\/international-experience-canada-an-attractive-tool-for-recruiting-young-talent\/"},"wordCount":709,"commentCount":0,"publisher":{"@id":"https:\/\/immetis.com\/en\/#organization"},"image":{"@id":"https:\/\/immetis.com\/en\/international-experience-canada-an-attractive-tool-for-recruiting-young-talent\/#primaryimage"},"thumbnailUrl":"","keywords":["Employer","Foreign Worker","Immigration"],"articleSection":["Fran\u00e7ais","Professionals"],"inLanguage":"en-CA","potentialAction":[{"@type":"CommentAction","name":"Comment","target":["https:\/\/immetis.com\/en\/international-experience-canada-an-attractive-tool-for-recruiting-young-talent\/#respond"]}]},{"@type":"WebPage","@id":"https:\/\/immetis.com\/en\/international-experience-canada-an-attractive-tool-for-recruiting-young-talent\/","url":"https:\/\/immetis.com\/en\/international-experience-canada-an-attractive-tool-for-recruiting-young-talent\/","name":"Opening of International Experience Canada - Imm\u00e9tis","isPartOf":{"@id":"https:\/\/immetis.com\/en\/#website"},"primaryImageOfPage":{"@id":"https:\/\/immetis.com\/en\/international-experience-canada-an-attractive-tool-for-recruiting-young-talent\/#primaryimage"},"image":{"@id":"https:\/\/immetis.com\/en\/international-experience-canada-an-attractive-tool-for-recruiting-young-talent\/#primaryimage"},"thumbnailUrl":"","datePublished":"2022-12-13T13:44:00+00:00","dateModified":"2024-11-08T09:45:55+00:00","description":"International Experience Canada will open for a new season on January 9, 2023. A date to remember for employers.","breadcrumb":{"@id":"https:\/\/immetis.com\/en\/international-experience-canada-an-attractive-tool-for-recruiting-young-talent\/#breadcrumb"},"inLanguage":"en-CA","potentialAction":[{"@type":"ReadAction","target":["https:\/\/immetis.com\/en\/international-experience-canada-an-attractive-tool-for-recruiting-young-talent\/"]}]},{"@type":"ImageObject","inLanguage":"en-CA","@id":"https:\/\/immetis.com\/en\/international-experience-canada-an-attractive-tool-for-recruiting-young-talent\/#primaryimage","url":"","contentUrl":""},{"@type":"BreadcrumbList","@id":"https:\/\/immetis.com\/en\/international-experience-canada-an-attractive-tool-for-recruiting-young-talent\/#breadcrumb","itemListElement":[{"@type":"ListItem","position":1,"name":"Accueil","item":"https:\/\/immetis.com\/en\/"},{"@type":"ListItem","position":2,"name":"International Experience Canada: an attractive tool for recruiting young talent"}]},{"@type":"WebSite","@id":"https:\/\/immetis.com\/en\/#website","url":"https:\/\/immetis.com\/en\/","name":"Imm\u00e9tis","description":"Avocats en immigration et mobilit\u00e9 professionnelle au Canada","publisher":{"@id":"https:\/\/immetis.com\/en\/#organization"},"potentialAction":[{"@type":"SearchAction","target":{"@type":"EntryPoint","urlTemplate":"https:\/\/immetis.com\/en\/?s={search_term_string}"},"query-input":{"@type":"PropertyValueSpecification","valueRequired":true,"valueName":"search_term_string"}}],"inLanguage":"en-CA"},{"@type":"Organization","@id":"https:\/\/immetis.com\/en\/#organization","name":"Imm\u00e9tis","url":"https:\/\/immetis.com\/en\/","logo":{"@type":"ImageObject","inLanguage":"en-CA","@id":"https:\/\/immetis.com\/en\/#\/schema\/logo\/image\/","url":"https:\/\/immetis.com\/wp-content\/uploads\/2024\/11\/Immetis-Linkedin-logo-reverse.png","contentUrl":"https:\/\/immetis.com\/wp-content\/uploads\/2024\/11\/Immetis-Linkedin-logo-reverse.png","width":1668,"height":1668,"caption":"Imm\u00e9tis"},"image":{"@id":"https:\/\/immetis.com\/en\/#\/schema\/logo\/image\/"},"sameAs":["https:\/\/www.facebook.com\/immetis\/","https:\/\/x.com\/Immetislawfirm","https:\/\/www.instagram.com\/immetiscanada","https:\/\/www.linkedin.com\/company\/immetis-legal-services"]},{"@type":"Person","@id":"https:\/\/immetis.com\/en\/#\/schema\/person\/a09edaa68466ce439b34aad5827ebaad","name":"\u00c9quipe Imm\u00e9tis","image":{"@type":"ImageObject","inLanguage":"en-CA","@id":"https:\/\/immetis.com\/en\/#\/schema\/person\/image\/","url":"https:\/\/secure.gravatar.com\/avatar\/354fa62cdb648dd9b389f3dcbb6024b844a9aff414f5e70190fc89e138b52a3d?s=96&d=mm&r=g","contentUrl":"https:\/\/secure.gravatar.com\/avatar\/354fa62cdb648dd9b389f3dcbb6024b844a9aff414f5e70190fc89e138b52a3d?s=96&d=mm&r=g","caption":"\u00c9quipe Imm\u00e9tis"}}]}},"_links":{"self":[{"href":"https:\/\/immetis.com\/en\/wp-json\/wp\/v2\/posts\/24643","targetHints":{"allow":["GET"]}}],"collection":[{"href":"https:\/\/immetis.com\/en\/wp-json\/wp\/v2\/posts"}],"about":[{"href":"https:\/\/immetis.com\/en\/wp-json\/wp\/v2\/types\/post"}],"author":[{"embeddable":true,"href":"https:\/\/immetis.com\/en\/wp-json\/wp\/v2\/users\/3"}],"replies":[{"embeddable":true,"href":"https:\/\/immetis.com\/en\/wp-json\/wp\/v2\/comments?post=24643"}],"version-history":[{"count":1,"href":"https:\/\/immetis.com\/en\/wp-json\/wp\/v2\/posts\/24643\/revisions"}],"predecessor-version":[{"id":29566,"href":"https:\/\/immetis.com\/en\/wp-json\/wp\/v2\/posts\/24643\/revisions\/29566"}],"wp:featuredmedia":[{"embeddable":true,"href":"https:\/\/immetis.com\/en\/wp-json\/wp\/v2\/pages\/24639"}],"wp:attachment":[{"href":"https:\/\/immetis.com\/en\/wp-json\/wp\/v2\/media?parent=24643"}],"wp:term":[{"taxonomy":"category","embeddable":true,"href":"https:\/\/immetis.com\/en\/wp-json\/wp\/v2\/categories?post=24643"},{"taxonomy":"post_tag","embeddable":true,"href":"https:\/\/immetis.com\/en\/wp-json\/wp\/v2\/tags?post=24643"}],"curies":[{"name":"wp","href":"https:\/\/api.w.org\/{rel}","templated":true}]}}