{"id":25257,"date":"2023-08-14T08:43:00","date_gmt":"2023-08-14T12:43:00","guid":{"rendered":"https:\/\/immetis.com\/the-path-to-permanent-residency-in-quebec\/"},"modified":"2025-06-02T13:47:51","modified_gmt":"2025-06-02T17:47:51","slug":"the-path-to-permanent-residency-in-quebec","status":"publish","type":"post","link":"https:\/\/immetis.com\/en\/the-path-to-permanent-residency-in-quebec\/","title":{"rendered":"The path to permanent residency in Quebec"},"content":{"rendered":"\n<p><strong>Did you come to study or work in Canada and fell in love with the country? It&#8217;s possible to continue your journey and more by becoming a permanent resident. Discover how to access permanent residency in the province of Quebec and the benefits associated with it!<\/strong><\/p>\n\n\n\n<h2 class=\"wp-block-heading\" id=\"h-what-is-permanent-residency-status\"><strong>WHAT IS PERMANENT RESIDENCY STATUS?<\/strong><\/h2>\n\n\n\n<div style=\"height:30px\" aria-hidden=\"true\" class=\"wp-block-spacer\"><\/div>\n\n\n\n<p>Midway between temporary residency and citizenship, <strong><a href=\"https:\/\/immetis.com\/en\/immigration-the-essential-glossary-from-p-to-z-by-immetis\/\" target=\"_blank\" rel=\"noreferrer noopener\">permanent residency<\/a><\/strong> offers an enticing path to continue your activities in Canada indefinitely.<\/p>\n\n\n\n<div style=\"height:10px\" aria-hidden=\"true\" class=\"wp-block-spacer\"><\/div>\n\n\n\n<p>Once obtained, permanent resident status is <strong>valid for life<\/strong>! To enter and exit Canada freely, you&#8217;ll need to possess a permanent resident card. This card is renewed every five years, subject to presence conditions: <strong>a minimum of two years within a five-year period.<\/strong><\/p>\n\n\n\n<div style=\"height:10px\" aria-hidden=\"true\" class=\"wp-block-spacer\"><\/div>\n\n\n\n<p>As the status is granted for life, failure to meet the two-year presence requirement could lead to its revocation.<\/p>\n\n\n\n<div style=\"height:10px\" aria-hidden=\"true\" class=\"wp-block-spacer\"><\/div>\n\n\n\n<p>Holding permanent resident status is also a prerequisite for <strong><a href=\"https:\/\/immetis.com\/en\/becoming-a-canadian-citizen\/\" target=\"_blank\" rel=\"noreferrer noopener\">applying for citizenship<\/a><\/strong>. For many immigrants, permanent residency serves as a stepping stone to Canadian citizenship, while others aspire to be permanent residents without aiming to become citizens.<\/p>\n\n\n\n<div style=\"height:30px\" aria-hidden=\"true\" class=\"wp-block-spacer\"><\/div>\n\n\n\n<h2 class=\"wp-block-heading\"><strong>CANADA, A LAND OF IMMIGRATION<\/strong><\/h2>\n\n\n\n<div style=\"height:30px\" aria-hidden=\"true\" class=\"wp-block-spacer\"><\/div>\n\n\n\n<p>Canada is known for <strong><a href=\"https:\/\/immetis.com\/en\/the-city-of-montreal-a-welcoming-land-for-international-talents\/\" target=\"_blank\" rel=\"noreferrer noopener\">attracting people from all around the world.<\/a><\/strong> With its high quality of life, low unemployment rate, breathtaking landscapes, and vibrant cities, Canada has almost become synonymous with solace for many individuals. This is evident from the fact that many temporary workers end up settling there permanently: in 2022 alone, Canada welcomed <strong>431,645 new permanent residents<\/strong>.<\/p>\n\n\n\n<div style=\"height:10px\" aria-hidden=\"true\" class=\"wp-block-spacer\"><\/div>\n\n\n\n<p>And what if you could be one of the next ones?<\/p>\n\n\n\n<div style=\"height:30px\" aria-hidden=\"true\" class=\"wp-block-spacer\"><\/div>\n\n\n\n<h2 class=\"wp-block-heading\"><strong>A GIVE-AND-TAKE: RIGHTS AND RESPONSIBILITIES OF PERMANENT RESIDENTS<\/strong><\/h2>\n\n\n\n<div style=\"height:30px\" aria-hidden=\"true\" class=\"wp-block-spacer\"><\/div>\n\n\n\n<h3 class=\"wp-block-heading\"><strong>BEING A PERMANENT RESIDENT IN CANADA MEANS&#8230;<\/strong><\/h3>\n\n\n\n<div style=\"height:30px\" aria-hidden=\"true\" class=\"wp-block-spacer\"><\/div>\n\n\n\n<p>Permanent residents retain the citizenship of their home country and are not Canadian citizens. However, they enjoy many<strong> benefits similar to those of Canadian citizens:<\/strong><\/p>\n\n\n\n<ul class=\"wp-block-list\">\n<li>The right to live, work, and study anywhere in Canada;<\/li>\n\n\n\n<li>Access to most Canadian benefits, including healthcare coverage;<\/li>\n\n\n\n<li>Protection under Canadian laws and the Canadian Charter of Rights and Freedoms;<\/li>\n\n\n\n<li>The right to leave Canada for a period and return by presenting a valid permanent resident card.<\/li>\n<\/ul>\n\n\n\n<div style=\"height:30px\" aria-hidden=\"true\" class=\"wp-block-spacer\"><\/div>\n\n\n\n<h3 class=\"wp-block-heading\"><strong>BUT IT ALSO MEANS&#8230;<\/strong><\/h3>\n\n\n\n<div style=\"height:30px\" aria-hidden=\"true\" class=\"wp-block-spacer\"><\/div>\n\n\n\n<p>To maintain your permanent resident status or renew your permanent resident card, you must adhere to certain conditions and obligations. Failure to do so could result in the refusal of status renewal:<\/p>\n\n\n\n<ul class=\"wp-block-list\">\n<li>Abiding by Canadian federal and provincial laws;<\/li>\n\n\n\n<li>Paying <strong><a href=\"https:\/\/www.canada.ca\/en\/services\/taxes.html\" target=\"_blank\" rel=\"noreferrer noopener\">taxes<\/a><\/strong>;<\/li>\n\n\n\n<li>Having resided in Canada for <strong>at least 730 days in the last five years<\/strong>, with these days not necessarily being consecutive.<\/li>\n<\/ul>\n\n\n\n<div style=\"height:30px\" aria-hidden=\"true\" class=\"wp-block-spacer\"><\/div>\n\n\n\n<h2 class=\"wp-block-heading\"><strong>AND PRACTICALLY, HOW DO YOU DO IT?<\/strong><\/h2>\n\n\n\n<div style=\"height:30px\" aria-hidden=\"true\" class=\"wp-block-spacer\"><\/div>\n\n\n\n<p>There are several programs to apply for permanent residency in Canada through Quebec. We&#8217;ve summarized the key steps of your journey towards permanent residency for you!<\/p>\n\n\n\n<div style=\"height:10px\" aria-hidden=\"true\" class=\"wp-block-spacer\"><\/div>\n\n\n\n<p>If you wish to settle in another province or territory, you might consider <strong><a href=\"https:\/\/immetis.com\/en\/express-entry-significant-changes-are-coming\/\" target=\"_blank\" rel=\"noreferrer noopener\">the Express Entry pathway<\/a><\/strong>.<\/p>\n\n\n\n<div style=\"height:30px\" aria-hidden=\"true\" class=\"wp-block-spacer\"><\/div>\n\n\n\n<h2 class=\"wp-block-heading\"><strong>OBTAINING PERMANENT RESIDENCY THROUGH THE PROVINCE OF QUEBEC<\/strong><\/h2>\n\n\n\n<div style=\"height:30px\" aria-hidden=\"true\" class=\"wp-block-spacer\"><\/div>\n\n\n\n<p>While permanent resident status is federal, the application is generally <strong>tied to a specific province.<\/strong> Applying for permanent residency in Quebec is a specific process. The province benefits from an agreement with Canada that grants it <strong>significant autonomy in selecting immigrants who settle there.<\/strong><\/p>\n\n\n\n<div style=\"height:10px\" aria-hidden=\"true\" class=\"wp-block-spacer\"><\/div>\n\n\n\n<p>Applying for permanent residency in Quebec includes an<strong> intermediate step of obtaining a CSQ \u2013 Quebec Selection Certificate.<\/strong> Obtaining the CSQ indicates that Quebec has authorized your integration as a permanent resident. Once obtained, your CSQ is usually valid for two years to submit your application for permanent residency.<\/p>\n\n\n\n<div style=\"height:10px\" aria-hidden=\"true\" class=\"wp-block-spacer\"><\/div>\n\n\n\n<p>There are two main programs to apply for permanent residency in Quebec, depending on your profile.<\/p>\n\n\n\n<p>For comprehensive information on the process of permanent residency in Quebec, join our webinar on September 12th on Facebook!<\/p>\n\n\n\n<div style=\"height:30px\" aria-hidden=\"true\" class=\"wp-block-spacer\"><\/div>\n\n\n\n<h3 class=\"wp-block-heading\"><strong>PEQ &#8211; QUEBEC EXPERIENCE PROGRAM<\/strong><\/h3>\n\n\n\n<div style=\"height:30px\" aria-hidden=\"true\" class=\"wp-block-spacer\"><\/div>\n\n\n\n<p>The<strong><a href=\"https:\/\/www.quebec.ca\/en\/immigration\/permanent\/skilled-workers\/quebec-experience-program\" target=\"_blank\" rel=\"noreferrer noopener\"> Quebec Experience Program<\/a><\/strong> is aimed at temporary foreign workers. These individuals must have worked in Quebec for 24 months in a <strong>NOC <\/strong>0, A, B, or C occupation. It also applies to certain international graduates from Quebec, under specific conditions (including the duration of their study program).<\/p>\n\n\n\n<div style=\"height:10px\" aria-hidden=\"true\" class=\"wp-block-spacer\"><\/div>\n\n\n\n<p>Obtaining a Quebec Selection Certificate (CSQ) is necessary to apply for permanent residency through the PEQ. In practical terms, your application for permanent residency must be approved at the provincial level before being submitted at the federal level.<\/p>\n\n\n\n<div style=\"height:10px\" aria-hidden=\"true\" class=\"wp-block-spacer\"><\/div>\n\n\n\n<p>If you fall into one of these categories, you can apply for a CSQ. This application is usually processed within<strong> an average of 3 to 6 months<\/strong>. Once you have your CSQ, you can submit an application for permanent residency, which has a processing time of approximately 20 months.<\/p>\n\n\n\n<div style=\"height:30px\" aria-hidden=\"true\" class=\"wp-block-spacer\"><\/div>\n\n\n\n<h3 class=\"wp-block-heading\"><strong>PRTQ &#8211; REGULAR SKILLED WORKERS PROGRAM<\/strong><\/h3>\n\n\n\n<div style=\"height:30px\" aria-hidden=\"true\" class=\"wp-block-spacer\"><\/div>\n\n\n\n<p>Th<strong><a href=\"https:\/\/www.quebec.ca\/en\/immigration\/permanent\/skilled-workers\/regular-skilled-worker-program\" target=\"_blank\" rel=\"noreferrer noopener\">e Regular Skilled Workers Program<\/a><\/strong> is open to anyone seeking Canadian permanent residency in Quebec. The application can be made from another country or another Canadian province.<\/p>\n\n\n\n<div style=\"height:10px\" aria-hidden=\"true\" class=\"wp-block-spacer\"><\/div>\n\n\n\n<p>Mainly eligible are:<\/p>\n\n\n\n<ul class=\"wp-block-list\">\n<li>Individuals working in another country or Canadian province;<\/li>\n\n\n\n<li>Temporary workers in Quebec whose job is not classified as NOC 0, A, B, or C;<\/li>\n\n\n\n<li>Skilled workers in Quebec who have temporary status and want to apply for permanent residency despite not having worked for 24 months.<\/li>\n<\/ul>\n\n\n\n<div style=\"height:10px\" aria-hidden=\"true\" class=\"wp-block-spacer\"><\/div>\n\n\n\n<p><strong>The PRTQ operates on an invitation basis<\/strong>, starting from your registration in a candidate pool. You must complete an online declaration of interest for Quebec, and you may be invited at any time to apply for a CSQ. Once you receive the invitation to apply for a CSQ, you have two months to submit your application.<\/p>\n\n\n\n<div style=\"height:30px\" aria-hidden=\"true\" class=\"wp-block-spacer\"><\/div>\n\n\n\n<h4 class=\"wp-block-heading\"><strong>SELECTION CRITERIA<\/strong><\/h4>\n\n\n\n<div style=\"height:30px\" aria-hidden=\"true\" class=\"wp-block-spacer\"><\/div>\n\n\n\n<p>Selection is based on several criteria, with key factors including age, education, work experience, and <strong>knowledge of French and English<\/strong>. Once you obtain a CSQ, the process is similar to the Quebec Experience Program.<\/p>\n\n\n\n<div style=\"height:10px\" aria-hidden=\"true\" class=\"wp-block-spacer\"><\/div>\n\n\n\n<p>Note that the processing fee for a Quebec Selection Certificate is $869 for the primary applicant in 2023.<\/p>\n\n\n\n<div style=\"height:10px\" aria-hidden=\"true\" class=\"wp-block-spacer\"><\/div>\n\n\n\n<p>Quebec recently announced <strong><a href=\"https:\/\/immetis.com\/en\/major-immigration-measures-announced-in-june\/\" target=\"_blank\" rel=\"noreferrer noopener\">significant immigration changes<\/a><\/strong>, including a reform of the PRTQ, shifting towards a new program focused more on French proficiency and the applicants&#8217; professions.<\/p>\n\n\n\n<div style=\"height:10px\" aria-hidden=\"true\" class=\"wp-block-spacer\"><\/div>\n\n\n\n<p>Canada offers numerous permanent residency programs. Applying for permanent residency requires thorough knowledge of your options based on your profile. Since processing times are generally quite long, it&#8217;s important to be responsive and meticulous in assembling your application. Don&#8217;t hesitate to consult <strong><a href=\"https:\/\/immetis.com\/en\/contact-immigration-experts\/\" target=\"_blank\" rel=\"noreferrer noopener\">an immigration professional<\/a><\/strong> for assistance with your process and to answer all your questions.<\/p>\n\n\n\n<div style=\"height:30px\" aria-hidden=\"true\" class=\"wp-block-spacer\"><\/div>\n\n\n\n<p>This article pertains to recent news, subject to change at any time. Its last update was on August 14, 2023.<\/p>\n","protected":false},"excerpt":{"rendered":"<p>Have you come to study or work in Canada and fallen in love? Discover how to access permanent residency in the province of Quebec!<\/p>\n","protected":false},"author":3,"featured_media":25066,"comment_status":"open","ping_status":"closed","sticky":false,"template":"","format":"standard","meta":{"_acf_changed":false,"footnotes":""},"categories":[223],"tags":[234],"class_list":["post-25257","post","type-post","status-publish","format-standard","has-post-thumbnail","hentry","category-private-individuals","tag-immigration-en"],"acf":[],"yoast_head":"<!-- This site is optimized with the Yoast SEO Premium plugin v27.1 (Yoast SEO v27.1.1) - https:\/\/yoast.com\/product\/yoast-seo-premium-wordpress\/ -->\n<title>The Path to Permanent Residency in Quebec - Immetis Canada<\/title>\n<meta name=\"description\" content=\"Have you come to study or work in Canada and fallen in love? Discover how to access permanent residency in the province of Quebec!\" \/>\n<meta name=\"robots\" content=\"index, follow, max-snippet:-1, max-image-preview:large, max-video-preview:-1\" \/>\n<link rel=\"canonical\" href=\"https:\/\/immetis.com\/en\/the-path-to-permanent-residency-in-quebec\/\" \/>\n<meta property=\"og:locale\" content=\"en_US\" \/>\n<meta property=\"og:type\" content=\"article\" \/>\n<meta property=\"og:title\" content=\"The Path to Permanent Residency in Quebec - Immetis Canada\" \/>\n<meta property=\"og:description\" content=\"Have you come to study or work in Canada and fallen in love? Discover how to access permanent residency in the province of Quebec!\" \/>\n<meta property=\"og:url\" content=\"https:\/\/immetis.com\/en\/the-path-to-permanent-residency-in-quebec\/\" \/>\n<meta property=\"og:site_name\" content=\"Imm\u00e9tis\" \/>\n<meta property=\"article:publisher\" content=\"https:\/\/www.facebook.com\/immetis\/\" \/>\n<meta property=\"article:published_time\" content=\"2023-08-14T12:43:00+00:00\" \/>\n<meta property=\"article:modified_time\" content=\"2025-06-02T17:47:51+00:00\" \/>\n<meta property=\"og:image\" content=\"https:\/\/immetis.com\/wp-content\/uploads\/2023\/07\/guillaume-jaillet-EIWCd0414xQ-unsplash-scaled-2.jpg\" \/>\n\t<meta property=\"og:image:width\" content=\"2560\" \/>\n\t<meta property=\"og:image:height\" content=\"1707\" \/>\n\t<meta property=\"og:image:type\" content=\"image\/jpeg\" \/>\n<meta name=\"author\" content=\"\u00c9quipe Imm\u00e9tis\" \/>\n<meta name=\"twitter:card\" content=\"summary_large_image\" \/>\n<meta name=\"twitter:title\" content=\"Major Immigration Measures - Imm\u00e9tis\" \/>\n<meta name=\"twitter:description\" content=\"The Government of Canada has announced measures concerning all work permit holders and IT workers.\" \/>\n<meta name=\"twitter:creator\" content=\"@Immetislawfirm\" \/>\n<meta name=\"twitter:site\" content=\"@Immetislawfirm\" \/>\n<meta name=\"twitter:label1\" content=\"Written by\" \/>\n\t<meta name=\"twitter:data1\" content=\"\u00c9quipe Imm\u00e9tis\" \/>\n\t<meta name=\"twitter:label2\" content=\"Est. reading time\" \/>\n\t<meta name=\"twitter:data2\" content=\"6 minutes\" \/>\n<script type=\"application\/ld+json\" class=\"yoast-schema-graph\">{\"@context\":\"https:\/\/schema.org\",\"@graph\":[{\"@type\":\"Article\",\"@id\":\"https:\/\/immetis.com\/en\/the-path-to-permanent-residency-in-quebec\/#article\",\"isPartOf\":{\"@id\":\"https:\/\/immetis.com\/en\/the-path-to-permanent-residency-in-quebec\/\"},\"author\":{\"name\":\"\u00c9quipe Imm\u00e9tis\",\"@id\":\"https:\/\/immetis.com\/en\/#\/schema\/person\/a09edaa68466ce439b34aad5827ebaad\"},\"headline\":\"The path to permanent residency in Quebec\",\"datePublished\":\"2023-08-14T12:43:00+00:00\",\"dateModified\":\"2025-06-02T17:47:51+00:00\",\"mainEntityOfPage\":{\"@id\":\"https:\/\/immetis.com\/en\/the-path-to-permanent-residency-in-quebec\/\"},\"wordCount\":1015,\"commentCount\":0,\"publisher\":{\"@id\":\"https:\/\/immetis.com\/en\/#organization\"},\"image\":{\"@id\":\"https:\/\/immetis.com\/en\/the-path-to-permanent-residency-in-quebec\/#primaryimage\"},\"thumbnailUrl\":\"https:\/\/immetis.com\/wp-content\/uploads\/2023\/07\/guillaume-jaillet-EIWCd0414xQ-unsplash-scaled-2.jpg\",\"keywords\":[\"Immigration\"],\"articleSection\":[\"Private Individuals\"],\"inLanguage\":\"en-CA\",\"potentialAction\":[{\"@type\":\"CommentAction\",\"name\":\"Comment\",\"target\":[\"https:\/\/immetis.com\/en\/the-path-to-permanent-residency-in-quebec\/#respond\"]}]},{\"@type\":\"WebPage\",\"@id\":\"https:\/\/immetis.com\/en\/the-path-to-permanent-residency-in-quebec\/\",\"url\":\"https:\/\/immetis.com\/en\/the-path-to-permanent-residency-in-quebec\/\",\"name\":\"The Path to Permanent Residency in Quebec - Immetis Canada\",\"isPartOf\":{\"@id\":\"https:\/\/immetis.com\/en\/#website\"},\"primaryImageOfPage\":{\"@id\":\"https:\/\/immetis.com\/en\/the-path-to-permanent-residency-in-quebec\/#primaryimage\"},\"image\":{\"@id\":\"https:\/\/immetis.com\/en\/the-path-to-permanent-residency-in-quebec\/#primaryimage\"},\"thumbnailUrl\":\"https:\/\/immetis.com\/wp-content\/uploads\/2023\/07\/guillaume-jaillet-EIWCd0414xQ-unsplash-scaled-2.jpg\",\"datePublished\":\"2023-08-14T12:43:00+00:00\",\"dateModified\":\"2025-06-02T17:47:51+00:00\",\"description\":\"Have you come to study or work in Canada and fallen in love? Discover how to access permanent residency in the province of Quebec!\",\"breadcrumb\":{\"@id\":\"https:\/\/immetis.com\/en\/the-path-to-permanent-residency-in-quebec\/#breadcrumb\"},\"inLanguage\":\"en-CA\",\"potentialAction\":[{\"@type\":\"ReadAction\",\"target\":[\"https:\/\/immetis.com\/en\/the-path-to-permanent-residency-in-quebec\/\"]}]},{\"@type\":\"ImageObject\",\"inLanguage\":\"en-CA\",\"@id\":\"https:\/\/immetis.com\/en\/the-path-to-permanent-residency-in-quebec\/#primaryimage\",\"url\":\"https:\/\/immetis.com\/wp-content\/uploads\/2023\/07\/guillaume-jaillet-EIWCd0414xQ-unsplash-scaled-2.jpg\",\"contentUrl\":\"https:\/\/immetis.com\/wp-content\/uploads\/2023\/07\/guillaume-jaillet-EIWCd0414xQ-unsplash-scaled-2.jpg\",\"width\":2560,\"height\":1707,\"caption\":\"TOUT SAVOIR SUR LA R\u00c9SIDENCE PERMANENTE AU QU\u00c9BEC\"},{\"@type\":\"BreadcrumbList\",\"@id\":\"https:\/\/immetis.com\/en\/the-path-to-permanent-residency-in-quebec\/#breadcrumb\",\"itemListElement\":[{\"@type\":\"ListItem\",\"position\":1,\"name\":\"Accueil\",\"item\":\"https:\/\/immetis.com\/en\/\"},{\"@type\":\"ListItem\",\"position\":2,\"name\":\"The path to permanent residency in Quebec\"}]},{\"@type\":\"WebSite\",\"@id\":\"https:\/\/immetis.com\/en\/#website\",\"url\":\"https:\/\/immetis.com\/en\/\",\"name\":\"Imm\u00e9tis\",\"description\":\"Avocats en immigration et mobilit\u00e9 professionnelle au Canada\",\"publisher\":{\"@id\":\"https:\/\/immetis.com\/en\/#organization\"},\"potentialAction\":[{\"@type\":\"SearchAction\",\"target\":{\"@type\":\"EntryPoint\",\"urlTemplate\":\"https:\/\/immetis.com\/en\/?s={search_term_string}\"},\"query-input\":{\"@type\":\"PropertyValueSpecification\",\"valueRequired\":true,\"valueName\":\"search_term_string\"}}],\"inLanguage\":\"en-CA\"},{\"@type\":\"Organization\",\"@id\":\"https:\/\/immetis.com\/en\/#organization\",\"name\":\"Imm\u00e9tis\",\"url\":\"https:\/\/immetis.com\/en\/\",\"logo\":{\"@type\":\"ImageObject\",\"inLanguage\":\"en-CA\",\"@id\":\"https:\/\/immetis.com\/en\/#\/schema\/logo\/image\/\",\"url\":\"https:\/\/immetis.com\/wp-content\/uploads\/2024\/11\/Immetis-Linkedin-logo-reverse.png\",\"contentUrl\":\"https:\/\/immetis.com\/wp-content\/uploads\/2024\/11\/Immetis-Linkedin-logo-reverse.png\",\"width\":1668,\"height\":1668,\"caption\":\"Imm\u00e9tis\"},\"image\":{\"@id\":\"https:\/\/immetis.com\/en\/#\/schema\/logo\/image\/\"},\"sameAs\":[\"https:\/\/www.facebook.com\/immetis\/\",\"https:\/\/x.com\/Immetislawfirm\",\"https:\/\/www.instagram.com\/immetiscanada\",\"https:\/\/www.linkedin.com\/company\/immetis-legal-services\"]},{\"@type\":\"Person\",\"@id\":\"https:\/\/immetis.com\/en\/#\/schema\/person\/a09edaa68466ce439b34aad5827ebaad\",\"name\":\"\u00c9quipe Imm\u00e9tis\",\"image\":{\"@type\":\"ImageObject\",\"inLanguage\":\"en-CA\",\"@id\":\"https:\/\/immetis.com\/en\/#\/schema\/person\/image\/\",\"url\":\"https:\/\/secure.gravatar.com\/avatar\/354fa62cdb648dd9b389f3dcbb6024b844a9aff414f5e70190fc89e138b52a3d?s=96&d=mm&r=g\",\"contentUrl\":\"https:\/\/secure.gravatar.com\/avatar\/354fa62cdb648dd9b389f3dcbb6024b844a9aff414f5e70190fc89e138b52a3d?s=96&d=mm&r=g\",\"caption\":\"\u00c9quipe Imm\u00e9tis\"}}]}<\/script>\n<!-- \/ Yoast SEO Premium plugin. -->","yoast_head_json":{"title":"The Path to Permanent Residency in Quebec - Immetis Canada","description":"Have you come to study or work in Canada and fallen in love? Discover how to access permanent residency in the province of Quebec!","robots":{"index":"index","follow":"follow","max-snippet":"max-snippet:-1","max-image-preview":"max-image-preview:large","max-video-preview":"max-video-preview:-1"},"canonical":"https:\/\/immetis.com\/en\/the-path-to-permanent-residency-in-quebec\/","og_locale":"en_US","og_type":"article","og_title":"The Path to Permanent Residency in Quebec - Immetis Canada","og_description":"Have you come to study or work in Canada and fallen in love? Discover how to access permanent residency in the province of Quebec!","og_url":"https:\/\/immetis.com\/en\/the-path-to-permanent-residency-in-quebec\/","og_site_name":"Imm\u00e9tis","article_publisher":"https:\/\/www.facebook.com\/immetis\/","article_published_time":"2023-08-14T12:43:00+00:00","article_modified_time":"2025-06-02T17:47:51+00:00","og_image":[{"width":2560,"height":1707,"url":"https:\/\/immetis.com\/wp-content\/uploads\/2023\/07\/guillaume-jaillet-EIWCd0414xQ-unsplash-scaled-2.jpg","type":"image\/jpeg"}],"author":"\u00c9quipe Imm\u00e9tis","twitter_card":"summary_large_image","twitter_title":"Major Immigration Measures - Imm\u00e9tis","twitter_description":"The Government of Canada has announced measures concerning all work permit holders and IT workers.","twitter_creator":"@Immetislawfirm","twitter_site":"@Immetislawfirm","twitter_misc":{"Written by":"\u00c9quipe Imm\u00e9tis","Est. reading time":"6 minutes"},"schema":{"@context":"https:\/\/schema.org","@graph":[{"@type":"Article","@id":"https:\/\/immetis.com\/en\/the-path-to-permanent-residency-in-quebec\/#article","isPartOf":{"@id":"https:\/\/immetis.com\/en\/the-path-to-permanent-residency-in-quebec\/"},"author":{"name":"\u00c9quipe Imm\u00e9tis","@id":"https:\/\/immetis.com\/en\/#\/schema\/person\/a09edaa68466ce439b34aad5827ebaad"},"headline":"The path to permanent residency in Quebec","datePublished":"2023-08-14T12:43:00+00:00","dateModified":"2025-06-02T17:47:51+00:00","mainEntityOfPage":{"@id":"https:\/\/immetis.com\/en\/the-path-to-permanent-residency-in-quebec\/"},"wordCount":1015,"commentCount":0,"publisher":{"@id":"https:\/\/immetis.com\/en\/#organization"},"image":{"@id":"https:\/\/immetis.com\/en\/the-path-to-permanent-residency-in-quebec\/#primaryimage"},"thumbnailUrl":"https:\/\/immetis.com\/wp-content\/uploads\/2023\/07\/guillaume-jaillet-EIWCd0414xQ-unsplash-scaled-2.jpg","keywords":["Immigration"],"articleSection":["Private Individuals"],"inLanguage":"en-CA","potentialAction":[{"@type":"CommentAction","name":"Comment","target":["https:\/\/immetis.com\/en\/the-path-to-permanent-residency-in-quebec\/#respond"]}]},{"@type":"WebPage","@id":"https:\/\/immetis.com\/en\/the-path-to-permanent-residency-in-quebec\/","url":"https:\/\/immetis.com\/en\/the-path-to-permanent-residency-in-quebec\/","name":"The Path to Permanent Residency in Quebec - Immetis Canada","isPartOf":{"@id":"https:\/\/immetis.com\/en\/#website"},"primaryImageOfPage":{"@id":"https:\/\/immetis.com\/en\/the-path-to-permanent-residency-in-quebec\/#primaryimage"},"image":{"@id":"https:\/\/immetis.com\/en\/the-path-to-permanent-residency-in-quebec\/#primaryimage"},"thumbnailUrl":"https:\/\/immetis.com\/wp-content\/uploads\/2023\/07\/guillaume-jaillet-EIWCd0414xQ-unsplash-scaled-2.jpg","datePublished":"2023-08-14T12:43:00+00:00","dateModified":"2025-06-02T17:47:51+00:00","description":"Have you come to study or work in Canada and fallen in love? Discover how to access permanent residency in the province of Quebec!","breadcrumb":{"@id":"https:\/\/immetis.com\/en\/the-path-to-permanent-residency-in-quebec\/#breadcrumb"},"inLanguage":"en-CA","potentialAction":[{"@type":"ReadAction","target":["https:\/\/immetis.com\/en\/the-path-to-permanent-residency-in-quebec\/"]}]},{"@type":"ImageObject","inLanguage":"en-CA","@id":"https:\/\/immetis.com\/en\/the-path-to-permanent-residency-in-quebec\/#primaryimage","url":"https:\/\/immetis.com\/wp-content\/uploads\/2023\/07\/guillaume-jaillet-EIWCd0414xQ-unsplash-scaled-2.jpg","contentUrl":"https:\/\/immetis.com\/wp-content\/uploads\/2023\/07\/guillaume-jaillet-EIWCd0414xQ-unsplash-scaled-2.jpg","width":2560,"height":1707,"caption":"TOUT SAVOIR SUR LA R\u00c9SIDENCE PERMANENTE AU QU\u00c9BEC"},{"@type":"BreadcrumbList","@id":"https:\/\/immetis.com\/en\/the-path-to-permanent-residency-in-quebec\/#breadcrumb","itemListElement":[{"@type":"ListItem","position":1,"name":"Accueil","item":"https:\/\/immetis.com\/en\/"},{"@type":"ListItem","position":2,"name":"The path to permanent residency in Quebec"}]},{"@type":"WebSite","@id":"https:\/\/immetis.com\/en\/#website","url":"https:\/\/immetis.com\/en\/","name":"Imm\u00e9tis","description":"Avocats en immigration et mobilit\u00e9 professionnelle au Canada","publisher":{"@id":"https:\/\/immetis.com\/en\/#organization"},"potentialAction":[{"@type":"SearchAction","target":{"@type":"EntryPoint","urlTemplate":"https:\/\/immetis.com\/en\/?s={search_term_string}"},"query-input":{"@type":"PropertyValueSpecification","valueRequired":true,"valueName":"search_term_string"}}],"inLanguage":"en-CA"},{"@type":"Organization","@id":"https:\/\/immetis.com\/en\/#organization","name":"Imm\u00e9tis","url":"https:\/\/immetis.com\/en\/","logo":{"@type":"ImageObject","inLanguage":"en-CA","@id":"https:\/\/immetis.com\/en\/#\/schema\/logo\/image\/","url":"https:\/\/immetis.com\/wp-content\/uploads\/2024\/11\/Immetis-Linkedin-logo-reverse.png","contentUrl":"https:\/\/immetis.com\/wp-content\/uploads\/2024\/11\/Immetis-Linkedin-logo-reverse.png","width":1668,"height":1668,"caption":"Imm\u00e9tis"},"image":{"@id":"https:\/\/immetis.com\/en\/#\/schema\/logo\/image\/"},"sameAs":["https:\/\/www.facebook.com\/immetis\/","https:\/\/x.com\/Immetislawfirm","https:\/\/www.instagram.com\/immetiscanada","https:\/\/www.linkedin.com\/company\/immetis-legal-services"]},{"@type":"Person","@id":"https:\/\/immetis.com\/en\/#\/schema\/person\/a09edaa68466ce439b34aad5827ebaad","name":"\u00c9quipe Imm\u00e9tis","image":{"@type":"ImageObject","inLanguage":"en-CA","@id":"https:\/\/immetis.com\/en\/#\/schema\/person\/image\/","url":"https:\/\/secure.gravatar.com\/avatar\/354fa62cdb648dd9b389f3dcbb6024b844a9aff414f5e70190fc89e138b52a3d?s=96&d=mm&r=g","contentUrl":"https:\/\/secure.gravatar.com\/avatar\/354fa62cdb648dd9b389f3dcbb6024b844a9aff414f5e70190fc89e138b52a3d?s=96&d=mm&r=g","caption":"\u00c9quipe Imm\u00e9tis"}}]}},"_links":{"self":[{"href":"https:\/\/immetis.com\/en\/wp-json\/wp\/v2\/posts\/25257","targetHints":{"allow":["GET"]}}],"collection":[{"href":"https:\/\/immetis.com\/en\/wp-json\/wp\/v2\/posts"}],"about":[{"href":"https:\/\/immetis.com\/en\/wp-json\/wp\/v2\/types\/post"}],"author":[{"embeddable":true,"href":"https:\/\/immetis.com\/en\/wp-json\/wp\/v2\/users\/3"}],"replies":[{"embeddable":true,"href":"https:\/\/immetis.com\/en\/wp-json\/wp\/v2\/comments?post=25257"}],"version-history":[{"count":6,"href":"https:\/\/immetis.com\/en\/wp-json\/wp\/v2\/posts\/25257\/revisions"}],"predecessor-version":[{"id":32391,"href":"https:\/\/immetis.com\/en\/wp-json\/wp\/v2\/posts\/25257\/revisions\/32391"}],"wp:featuredmedia":[{"embeddable":true,"href":"https:\/\/immetis.com\/en\/wp-json\/wp\/v2\/media\/25066"}],"wp:attachment":[{"href":"https:\/\/immetis.com\/en\/wp-json\/wp\/v2\/media?parent=25257"}],"wp:term":[{"taxonomy":"category","embeddable":true,"href":"https:\/\/immetis.com\/en\/wp-json\/wp\/v2\/categories?post=25257"},{"taxonomy":"post_tag","embeddable":true,"href":"https:\/\/immetis.com\/en\/wp-json\/wp\/v2\/tags?post=25257"}],"curies":[{"name":"wp","href":"https:\/\/api.w.org\/{rel}","templated":true}]}}