{"id":31751,"date":"2020-09-15T08:44:00","date_gmt":"2020-09-15T12:44:00","guid":{"rendered":"https:\/\/immetis.com\/entree-express-immigrer-canada-six-mois\/"},"modified":"2025-06-13T16:51:36","modified_gmt":"2025-06-13T20:51:36","slug":"express-entry-immigrate-canada-six-months","status":"publish","type":"post","link":"https:\/\/immetis.com\/en\/express-entry-immigrate-canada-six-months\/","title":{"rendered":"Achieve Canadian Permanent Residency in 6 Months Using Express Entry: A Guide To Accelerate Your Immigration Journey"},"content":{"rendered":"\n<h1 class=\"wp-block-heading\" id=\"h-express-entry-to-canada-secure-permanent-residence-in-just-6-months\">Express Entry to Canada: secure permanent residence in just 6 months<\/h1>\n\n\n\n<hr class=\"wp-block-separator has-css-opacity\"\/>\n\n\n\n<div style=\"height:20px\" aria-hidden=\"true\" class=\"wp-block-spacer\"><\/div>\n\n\n\n<h4 class=\"wp-block-heading has-text-align-left\" id=\"h-immigrate-to-canada-in-6-months-is-it-really-possible-many-immigration-candidates-miss-this-opportunity-due-to-a-lack-of-knowledge-about-the-different-options-available-to-them-natacha-mignon-untangles-the-truth-from-the-false\"><strong><strong>Immigrate to Canada in 6 Months: is it really possible?<\/strong>\u00a0Many immigration candidates miss this opportunity due to a lack of knowledge about the different options available to them. Natacha Mignon untangles the truth from the false.<\/strong><\/h4>\n\n\n\n<div style=\"height:20px\" aria-hidden=\"true\" class=\"wp-block-spacer\"><\/div>\n\n\n\n<hr class=\"wp-block-separator has-css-opacity\"\/>\n\n\n\n<div style=\"height:20px\" aria-hidden=\"true\" class=\"wp-block-spacer\"><\/div>\n\n\n\n<p class=\"has-text-align-left\">Like Quebec, other Canadian provinces have a system for selecting their permanent immigrants. While the Belle Province uses the Arrima platform, the rest of Canada uses the Express Entry system.<\/p>\n\n\n\n<p>Although there are several categories under the Express Entry program, the skilled worker category is specifically for people wishing to immigrate to Canada from abroad.<\/p>\n\n\n\n<div style=\"height:20px\" aria-hidden=\"true\" class=\"wp-block-spacer\"><\/div>\n\n\n\n<blockquote class=\"wp-block-quote is-layout-flow wp-block-quote-is-layout-flow\">\n<pre class=\"wp-block-verse\">\"Express Entry may be the most unknown pathway to permanent residence for the French. Yet, this selection system favors Francophones wishing to settle in Canada.\"\n<\/pre>\n<cite>Me Natacha Mignon, CEO, Immetis<\/cite><\/blockquote>\n\n\n\n<div style=\"height:20px\" aria-hidden=\"true\" class=\"wp-block-spacer\"><\/div>\n\n\n\n<p>A program illustrating the concept of chosen immigration, candidates are awarded points based on objective criteria such as their academic training, proficiency in French and English, and professional experience.<\/p>\n\n\n\n<p>At regular intervals, federal authorities invite candidates with the highest points in the pool to submit a permanent residence application. Once the invitation is accepted, these candidates have 60 days to submit their permanent residence application, which will be processed within 6 months!<\/p>\n\n\n\n<div style=\"height:20px\" aria-hidden=\"true\" class=\"wp-block-spacer\"><\/div>\n\n\n\n<div style=\"height:10px\" aria-hidden=\"true\" class=\"wp-block-spacer\"><\/div>\n\n\n\n<blockquote class=\"wp-block-quote is-layout-flow wp-block-quote-is-layout-flow\">\n<p>&#8220;Including the preparatory phase for registration in the pools, which includes language tests and diploma recognition, a candidate abroad with an admissible score can reasonably expect to become a permanent resident of Canada within a year.&#8221;<\/p>\n<cite>Me Natacha Mignon, CEO, Immetis<\/cite><\/blockquote>\n\n\n\n<div style=\"height:20px\" aria-hidden=\"true\" class=\"wp-block-spacer\"><\/div>\n\n\n\n<p>But let&#8217;s take&nbsp;a look at some examples.<\/p>\n\n\n\n<ul class=\"wp-block-list\">\n<li>Marie is 37 years old and Belgian<\/li>\n\n\n\n<li>She is single<\/li>\n\n\n\n<li>French is her mother tongue<\/li>\n\n\n\n<li>Marie has a good level of English<\/li>\n\n\n\n<li>She holds a master&#8217;s degree in psychology<\/li>\n\n\n\n<li>Marie has worked for 5 years as an administrative assistant<\/li>\n\n\n\n<li>Currently, she does not have a job offer in Canada.<\/li>\n<\/ul>\n\n\n\n<p><strong><strong>This candidate potentially scores 485 points, which guarantees her an invitation to apply for permanent residence!<\/strong><\/strong> Indeed, the average observed in recent months is 470 points.<\/p>\n\n\n\n<div style=\"height:20px\" aria-hidden=\"true\" class=\"wp-block-spacer\"><\/div>\n\n\n\n<p>Another example, this time with a candidate who has found a job in Canada and thus has a job offer.<\/p>\n\n\n\n<ul class=\"wp-block-list\">\n<li>Omar is 32 years old, Moroccan<\/li>\n\n\n\n<li>He is married, his wife is 30 years old<\/li>\n\n\n\n<li>Both have a very good level of French<\/li>\n\n\n\n<li>Omar has a good level of English due to his studies abroad, and his wife is bilingual thanks to her childhood in England<\/li>\n\n\n\n<li>Mr. holds a bachelor&#8217;s degree in computer science, and Mrs. a master&#8217;s degree in economics<\/li>\n\n\n\n<li>Both have more than 5 years of experience in a qualified position<\/li>\n\n\n\n<li>Finally, Omar has been offered a job in British Columbia.<\/li>\n<\/ul>\n\n\n\n<p>Together, this couple potentially scores 516 points, <strong>again ensuring they receive an invitation to apply for permanent residence<\/strong>!<\/p>\n\n\n\n<div style=\"height:20px\" aria-hidden=\"true\" class=\"wp-block-spacer\"><\/div>\n\n\n\n<hr class=\"wp-block-separator has-css-opacity\"\/>\n\n\n\n<div style=\"height:20px\" aria-hidden=\"true\" class=\"wp-block-spacer\"><\/div>\n\n\n\n<h4 class=\"wp-block-heading\" id=\"h-permanent-residence-3-years-in-quebec-vs-1-year-elsewhere-in-canada\"><strong><strong>Permanent residence: 3 years in Quebec vs 1 year elsewhere in Canada<\/strong><\/strong><\/h4>\n\n\n\n<p>The time to access permanent residence in an English-speaking province is therefore significantly shortened compared to the current times to obtain the same status in Quebec as a skilled worker from abroad.<\/p>\n\n\n\n<p>Although the processing announced by the <a href=\"https:\/\/www.quebec.ca\/en\/immigration\" target=\"_blank\" rel=\"noreferrer noopener\"><strong>Ministry of Immigration, Francisation, and Integration Quebec<\/strong><\/a> under Arrima is also 6 months, it is clear that currently the invitations sent under this platform have concerned people who already had a status in Quebec or received support from an employer. Statistics can be consulted <a href=\"https:\/\/www.quebec.ca\/en\/immigration\/permanent\/skilled-workers\/regular-skilled-worker-program\/invitation\" target=\"_blank\" rel=\"noreferrer noopener\"><strong>here<\/strong><\/a>.<\/p>\n\n\n\n<div style=\"height:20px\" aria-hidden=\"true\" class=\"wp-block-spacer\"><\/div>\n\n\n\n<h4 class=\"wp-block-heading\" id=\"h-and-immigrate-to-quebec-via-express-entry\"><strong><strong>And immigrate to Quebec via Express Entry?<\/strong><\/strong><\/h4>\n\n\n\n<p>The temptation exists among many candidates&#8230; The practice is strongly discouraged as it constitutes false declaration. Candidates indeed select the province in which they wish to immigrate. This choice must be sincere and respected. Express Entry is therefore for candidates wishing to settle in Canada, in a province other than Quebec.<\/p>\n\n\n\n<p>They will have to settle there, even if in the following years everyone is free to move anywhere in Canada.<\/p>\n\n\n\n<p>Given the diversity of Canada, the beauty of the different provinces, the prospect of educating their children in English, and the opportunities for Francophones, there is no doubt that the Express Entry pathway should now be closely considered by Francophone immigration candidates.<\/p>\n\n\n\n<div style=\"height:20px\" aria-hidden=\"true\" class=\"wp-block-spacer\"><\/div>\n\n\n\n<hr class=\"wp-block-separator has-css-opacity\"\/>\n\n\n\n<div style=\"height:20px\" aria-hidden=\"true\" class=\"wp-block-spacer\"><\/div>\n\n\n\n<h4 class=\"wp-block-heading\" id=\"h-express-entry-in-6-steps\"><strong><strong><strong>Express Entry in 6 Steps :<\/strong><\/strong><\/strong><\/h4>\n\n\n\n<ol class=\"wp-block-list\">\n<li>Preliminary steps: language tests and diplomas<\/li>\n\n\n\n<li>Registration in the pool<\/li>\n\n\n\n<li>Invitation to apply<\/li>\n\n\n\n<li>Submission of the application<\/li>\n\n\n\n<li>Processing of the application<\/li>\n\n\n\n<li>Decision!<\/li>\n<\/ol>\n\n\n\n<div style=\"height:20px\" aria-hidden=\"true\" class=\"wp-block-spacer\"><\/div>\n\n\n\n<hr class=\"wp-block-separator has-css-opacity\"\/>\n\n\n\n<h4 class=\"wp-block-heading\" id=\"h-evaluate-your-options-without-delay\"><strong>Evaluate your options without delay!<\/strong><\/h4>\n\n\n\n<p>To evaluate your permanent residence options, Immetis is pleased to offer you a free pre-assessment, accessible by clicking <a href=\"https:\/\/immetis.com\/en\/pre-evaluate-immigration\/\" target=\"_blank\" rel=\"noreferrer noopener\"><strong>here<\/strong><\/a>.<\/p>\n\n\n\n<hr class=\"wp-block-separator has-css-opacity\"\/>\n\n\n\n<div class=\"wp-block-group\"><div class=\"wp-block-group__inner-container is-layout-flow wp-block-group-is-layout-flow\">\n<p>This article aims to provide general information on immigration and cannot be considered legal advice. To obtain complete legal advice, <a href=\"https:\/\/immetis.com\/en\/contact-immigration-experts\/\" target=\"_blank\" rel=\"noreferrer noopener\"><strong>contact our professionals<\/strong><\/a>.<\/p>\n<\/div><\/div>\n","protected":false},"excerpt":{"rendered":"<p>Immigrating to Canada in 6 months: is it really possible? Many immigration candidates miss this opportunity due to a lack of knowledge about the various options available to them. Ms. Natacha Mignon, partner lawyer at Imm\u00e9tis, separates fact from fiction.<\/p>\n","protected":false},"author":3,"featured_media":31753,"comment_status":"closed","ping_status":"closed","sticky":false,"template":"","format":"standard","meta":{"_acf_changed":false,"footnotes":""},"categories":[224,205],"tags":[181,182,54,234],"class_list":["post-31751","post","type-post","status-publish","format-standard","has-post-thumbnail","hentry","category-express-entry","category-news","tag-canada-en","tag-employer","tag-foreign-worker","tag-immigration-en"],"acf":[],"yoast_head":"<!-- This site is optimized with the Yoast SEO Premium plugin v27.1 (Yoast SEO v27.1.1) - https:\/\/yoast.com\/product\/yoast-seo-premium-wordpress\/ -->\n<title>Express Entry : Immigrate to Canada in 6 Months ! - Immetis Canada<\/title>\n<meta name=\"description\" content=\"Immigrating to Canada in six months, is it really possible? Me. Natacha Mignon discusses the Express Entry program.\" \/>\n<meta name=\"robots\" content=\"index, follow, max-snippet:-1, max-image-preview:large, max-video-preview:-1\" \/>\n<link rel=\"canonical\" href=\"https:\/\/immetis.com\/en\/express-entry-immigrate-canada-six-months\/\" \/>\n<meta property=\"og:locale\" content=\"en_US\" \/>\n<meta property=\"og:type\" content=\"article\" \/>\n<meta property=\"og:title\" content=\"Express Entry : Immigrate to Canada in 6 Months ! - Immetis Canada\" \/>\n<meta property=\"og:description\" content=\"Immigrating to Canada in six months, is it really possible? Me. Natacha Mignon discusses the Express Entry program.\" \/>\n<meta property=\"og:url\" content=\"https:\/\/immetis.com\/en\/express-entry-immigrate-canada-six-months\/\" \/>\n<meta property=\"og:site_name\" content=\"Imm\u00e9tis\" \/>\n<meta property=\"article:publisher\" content=\"https:\/\/www.facebook.com\/immetis\/\" \/>\n<meta property=\"article:published_time\" content=\"2020-09-15T12:44:00+00:00\" \/>\n<meta property=\"article:modified_time\" content=\"2025-06-13T20:51:36+00:00\" \/>\n<meta property=\"og:image\" content=\"https:\/\/immetis.com\/wp-content\/uploads\/2020\/06\/silvestri-matteo-gLHX4AgImz0-unsplash-scaled.jpg\" \/>\n<meta name=\"author\" content=\"\u00c9quipe Imm\u00e9tis\" \/>\n<meta name=\"twitter:card\" content=\"summary_large_image\" \/>\n<meta name=\"twitter:title\" content=\"Entr\u00e9e Express - Immigrer au Canada en six mois !\" \/>\n<meta name=\"twitter:description\" content=\"Immigrer au Canada en six mois, est-ce r\u00e9ellement possible ? Me Natacha Mignon fait le point sur le programme de l&#039;Entr\u00e9e express.\" \/>\n<meta name=\"twitter:creator\" content=\"@Immetislawfirm\" \/>\n<meta name=\"twitter:site\" content=\"@Immetislawfirm\" \/>\n<meta name=\"twitter:label1\" content=\"Written by\" \/>\n\t<meta name=\"twitter:data1\" content=\"\u00c9quipe Imm\u00e9tis\" \/>\n\t<meta name=\"twitter:label2\" content=\"Est. reading time\" \/>\n\t<meta name=\"twitter:data2\" content=\"4 minutes\" \/>\n<script type=\"application\/ld+json\" class=\"yoast-schema-graph\">{\"@context\":\"https:\/\/schema.org\",\"@graph\":[{\"@type\":\"Article\",\"@id\":\"https:\/\/immetis.com\/en\/express-entry-immigrate-canada-six-months\/#article\",\"isPartOf\":{\"@id\":\"https:\/\/immetis.com\/en\/express-entry-immigrate-canada-six-months\/\"},\"author\":{\"name\":\"\u00c9quipe Imm\u00e9tis\",\"@id\":\"https:\/\/immetis.com\/en\/#\/schema\/person\/a09edaa68466ce439b34aad5827ebaad\"},\"headline\":\"Achieve Canadian Permanent Residency in 6 Months Using Express Entry: A Guide To Accelerate Your Immigration Journey\",\"datePublished\":\"2020-09-15T12:44:00+00:00\",\"dateModified\":\"2025-06-13T20:51:36+00:00\",\"mainEntityOfPage\":{\"@id\":\"https:\/\/immetis.com\/en\/express-entry-immigrate-canada-six-months\/\"},\"wordCount\":719,\"publisher\":{\"@id\":\"https:\/\/immetis.com\/en\/#organization\"},\"image\":{\"@id\":\"https:\/\/immetis.com\/en\/express-entry-immigrate-canada-six-months\/#primaryimage\"},\"thumbnailUrl\":\"https:\/\/immetis.com\/wp-content\/uploads\/2020\/09\/kyle-ryan-nIujk826wE0-unsplash-1-scaled.jpg\",\"keywords\":[\"Canada\",\"Employer\",\"Foreign Worker\",\"Immigration\"],\"articleSection\":[\"Express Entry\",\"News\"],\"inLanguage\":\"en-CA\"},{\"@type\":\"WebPage\",\"@id\":\"https:\/\/immetis.com\/en\/express-entry-immigrate-canada-six-months\/\",\"url\":\"https:\/\/immetis.com\/en\/express-entry-immigrate-canada-six-months\/\",\"name\":\"Express Entry : Immigrate to Canada in 6 Months ! - Immetis Canada\",\"isPartOf\":{\"@id\":\"https:\/\/immetis.com\/en\/#website\"},\"primaryImageOfPage\":{\"@id\":\"https:\/\/immetis.com\/en\/express-entry-immigrate-canada-six-months\/#primaryimage\"},\"image\":{\"@id\":\"https:\/\/immetis.com\/en\/express-entry-immigrate-canada-six-months\/#primaryimage\"},\"thumbnailUrl\":\"https:\/\/immetis.com\/wp-content\/uploads\/2020\/09\/kyle-ryan-nIujk826wE0-unsplash-1-scaled.jpg\",\"datePublished\":\"2020-09-15T12:44:00+00:00\",\"dateModified\":\"2025-06-13T20:51:36+00:00\",\"description\":\"Immigrating to Canada in six months, is it really possible? Me. Natacha Mignon discusses the Express Entry program.\",\"breadcrumb\":{\"@id\":\"https:\/\/immetis.com\/en\/express-entry-immigrate-canada-six-months\/#breadcrumb\"},\"inLanguage\":\"en-CA\",\"potentialAction\":[{\"@type\":\"ReadAction\",\"target\":[\"https:\/\/immetis.com\/en\/express-entry-immigrate-canada-six-months\/\"]}]},{\"@type\":\"ImageObject\",\"inLanguage\":\"en-CA\",\"@id\":\"https:\/\/immetis.com\/en\/express-entry-immigrate-canada-six-months\/#primaryimage\",\"url\":\"https:\/\/immetis.com\/wp-content\/uploads\/2020\/09\/kyle-ryan-nIujk826wE0-unsplash-1-scaled.jpg\",\"contentUrl\":\"https:\/\/immetis.com\/wp-content\/uploads\/2020\/09\/kyle-ryan-nIujk826wE0-unsplash-1-scaled.jpg\",\"width\":1629,\"height\":1080,\"caption\":\"Skyline on the waterfront in Vancouver\"},{\"@type\":\"BreadcrumbList\",\"@id\":\"https:\/\/immetis.com\/en\/express-entry-immigrate-canada-six-months\/#breadcrumb\",\"itemListElement\":[{\"@type\":\"ListItem\",\"position\":1,\"name\":\"Accueil\",\"item\":\"https:\/\/immetis.com\/en\/\"},{\"@type\":\"ListItem\",\"position\":2,\"name\":\"Achieve Canadian Permanent Residency in 6 Months Using Express Entry: A Guide To Accelerate Your Immigration Journey\"}]},{\"@type\":\"WebSite\",\"@id\":\"https:\/\/immetis.com\/en\/#website\",\"url\":\"https:\/\/immetis.com\/en\/\",\"name\":\"Imm\u00e9tis\",\"description\":\"Avocats en immigration et mobilit\u00e9 professionnelle au Canada\",\"publisher\":{\"@id\":\"https:\/\/immetis.com\/en\/#organization\"},\"potentialAction\":[{\"@type\":\"SearchAction\",\"target\":{\"@type\":\"EntryPoint\",\"urlTemplate\":\"https:\/\/immetis.com\/en\/?s={search_term_string}\"},\"query-input\":{\"@type\":\"PropertyValueSpecification\",\"valueRequired\":true,\"valueName\":\"search_term_string\"}}],\"inLanguage\":\"en-CA\"},{\"@type\":\"Organization\",\"@id\":\"https:\/\/immetis.com\/en\/#organization\",\"name\":\"Imm\u00e9tis\",\"url\":\"https:\/\/immetis.com\/en\/\",\"logo\":{\"@type\":\"ImageObject\",\"inLanguage\":\"en-CA\",\"@id\":\"https:\/\/immetis.com\/en\/#\/schema\/logo\/image\/\",\"url\":\"https:\/\/immetis.com\/wp-content\/uploads\/2024\/11\/Immetis-Linkedin-logo-reverse.png\",\"contentUrl\":\"https:\/\/immetis.com\/wp-content\/uploads\/2024\/11\/Immetis-Linkedin-logo-reverse.png\",\"width\":1668,\"height\":1668,\"caption\":\"Imm\u00e9tis\"},\"image\":{\"@id\":\"https:\/\/immetis.com\/en\/#\/schema\/logo\/image\/\"},\"sameAs\":[\"https:\/\/www.facebook.com\/immetis\/\",\"https:\/\/x.com\/Immetislawfirm\",\"https:\/\/www.instagram.com\/immetiscanada\",\"https:\/\/www.linkedin.com\/company\/immetis-legal-services\"]},{\"@type\":\"Person\",\"@id\":\"https:\/\/immetis.com\/en\/#\/schema\/person\/a09edaa68466ce439b34aad5827ebaad\",\"name\":\"\u00c9quipe Imm\u00e9tis\",\"image\":{\"@type\":\"ImageObject\",\"inLanguage\":\"en-CA\",\"@id\":\"https:\/\/immetis.com\/en\/#\/schema\/person\/image\/\",\"url\":\"https:\/\/secure.gravatar.com\/avatar\/354fa62cdb648dd9b389f3dcbb6024b844a9aff414f5e70190fc89e138b52a3d?s=96&d=mm&r=g\",\"contentUrl\":\"https:\/\/secure.gravatar.com\/avatar\/354fa62cdb648dd9b389f3dcbb6024b844a9aff414f5e70190fc89e138b52a3d?s=96&d=mm&r=g\",\"caption\":\"\u00c9quipe Imm\u00e9tis\"}}]}<\/script>\n<!-- \/ Yoast SEO Premium plugin. -->","yoast_head_json":{"title":"Express Entry : Immigrate to Canada in 6 Months ! - Immetis Canada","description":"Immigrating to Canada in six months, is it really possible? Me. Natacha Mignon discusses the Express Entry program.","robots":{"index":"index","follow":"follow","max-snippet":"max-snippet:-1","max-image-preview":"max-image-preview:large","max-video-preview":"max-video-preview:-1"},"canonical":"https:\/\/immetis.com\/en\/express-entry-immigrate-canada-six-months\/","og_locale":"en_US","og_type":"article","og_title":"Express Entry : Immigrate to Canada in 6 Months ! - Immetis Canada","og_description":"Immigrating to Canada in six months, is it really possible? Me. Natacha Mignon discusses the Express Entry program.","og_url":"https:\/\/immetis.com\/en\/express-entry-immigrate-canada-six-months\/","og_site_name":"Imm\u00e9tis","article_publisher":"https:\/\/www.facebook.com\/immetis\/","article_published_time":"2020-09-15T12:44:00+00:00","article_modified_time":"2025-06-13T20:51:36+00:00","og_image":[{"url":"https:\/\/immetis.com\/wp-content\/uploads\/2020\/06\/silvestri-matteo-gLHX4AgImz0-unsplash-scaled.jpg","type":"","width":"","height":""}],"author":"\u00c9quipe Imm\u00e9tis","twitter_card":"summary_large_image","twitter_title":"Entr\u00e9e Express - Immigrer au Canada en six mois !","twitter_description":"Immigrer au Canada en six mois, est-ce r\u00e9ellement possible ? Me Natacha Mignon fait le point sur le programme de l'Entr\u00e9e express.","twitter_creator":"@Immetislawfirm","twitter_site":"@Immetislawfirm","twitter_misc":{"Written by":"\u00c9quipe Imm\u00e9tis","Est. reading time":"4 minutes"},"schema":{"@context":"https:\/\/schema.org","@graph":[{"@type":"Article","@id":"https:\/\/immetis.com\/en\/express-entry-immigrate-canada-six-months\/#article","isPartOf":{"@id":"https:\/\/immetis.com\/en\/express-entry-immigrate-canada-six-months\/"},"author":{"name":"\u00c9quipe Imm\u00e9tis","@id":"https:\/\/immetis.com\/en\/#\/schema\/person\/a09edaa68466ce439b34aad5827ebaad"},"headline":"Achieve Canadian Permanent Residency in 6 Months Using Express Entry: A Guide To Accelerate Your Immigration Journey","datePublished":"2020-09-15T12:44:00+00:00","dateModified":"2025-06-13T20:51:36+00:00","mainEntityOfPage":{"@id":"https:\/\/immetis.com\/en\/express-entry-immigrate-canada-six-months\/"},"wordCount":719,"publisher":{"@id":"https:\/\/immetis.com\/en\/#organization"},"image":{"@id":"https:\/\/immetis.com\/en\/express-entry-immigrate-canada-six-months\/#primaryimage"},"thumbnailUrl":"https:\/\/immetis.com\/wp-content\/uploads\/2020\/09\/kyle-ryan-nIujk826wE0-unsplash-1-scaled.jpg","keywords":["Canada","Employer","Foreign Worker","Immigration"],"articleSection":["Express Entry","News"],"inLanguage":"en-CA"},{"@type":"WebPage","@id":"https:\/\/immetis.com\/en\/express-entry-immigrate-canada-six-months\/","url":"https:\/\/immetis.com\/en\/express-entry-immigrate-canada-six-months\/","name":"Express Entry : Immigrate to Canada in 6 Months ! - Immetis Canada","isPartOf":{"@id":"https:\/\/immetis.com\/en\/#website"},"primaryImageOfPage":{"@id":"https:\/\/immetis.com\/en\/express-entry-immigrate-canada-six-months\/#primaryimage"},"image":{"@id":"https:\/\/immetis.com\/en\/express-entry-immigrate-canada-six-months\/#primaryimage"},"thumbnailUrl":"https:\/\/immetis.com\/wp-content\/uploads\/2020\/09\/kyle-ryan-nIujk826wE0-unsplash-1-scaled.jpg","datePublished":"2020-09-15T12:44:00+00:00","dateModified":"2025-06-13T20:51:36+00:00","description":"Immigrating to Canada in six months, is it really possible? Me. Natacha Mignon discusses the Express Entry program.","breadcrumb":{"@id":"https:\/\/immetis.com\/en\/express-entry-immigrate-canada-six-months\/#breadcrumb"},"inLanguage":"en-CA","potentialAction":[{"@type":"ReadAction","target":["https:\/\/immetis.com\/en\/express-entry-immigrate-canada-six-months\/"]}]},{"@type":"ImageObject","inLanguage":"en-CA","@id":"https:\/\/immetis.com\/en\/express-entry-immigrate-canada-six-months\/#primaryimage","url":"https:\/\/immetis.com\/wp-content\/uploads\/2020\/09\/kyle-ryan-nIujk826wE0-unsplash-1-scaled.jpg","contentUrl":"https:\/\/immetis.com\/wp-content\/uploads\/2020\/09\/kyle-ryan-nIujk826wE0-unsplash-1-scaled.jpg","width":1629,"height":1080,"caption":"Skyline on the waterfront in Vancouver"},{"@type":"BreadcrumbList","@id":"https:\/\/immetis.com\/en\/express-entry-immigrate-canada-six-months\/#breadcrumb","itemListElement":[{"@type":"ListItem","position":1,"name":"Accueil","item":"https:\/\/immetis.com\/en\/"},{"@type":"ListItem","position":2,"name":"Achieve Canadian Permanent Residency in 6 Months Using Express Entry: A Guide To Accelerate Your Immigration Journey"}]},{"@type":"WebSite","@id":"https:\/\/immetis.com\/en\/#website","url":"https:\/\/immetis.com\/en\/","name":"Imm\u00e9tis","description":"Avocats en immigration et mobilit\u00e9 professionnelle au Canada","publisher":{"@id":"https:\/\/immetis.com\/en\/#organization"},"potentialAction":[{"@type":"SearchAction","target":{"@type":"EntryPoint","urlTemplate":"https:\/\/immetis.com\/en\/?s={search_term_string}"},"query-input":{"@type":"PropertyValueSpecification","valueRequired":true,"valueName":"search_term_string"}}],"inLanguage":"en-CA"},{"@type":"Organization","@id":"https:\/\/immetis.com\/en\/#organization","name":"Imm\u00e9tis","url":"https:\/\/immetis.com\/en\/","logo":{"@type":"ImageObject","inLanguage":"en-CA","@id":"https:\/\/immetis.com\/en\/#\/schema\/logo\/image\/","url":"https:\/\/immetis.com\/wp-content\/uploads\/2024\/11\/Immetis-Linkedin-logo-reverse.png","contentUrl":"https:\/\/immetis.com\/wp-content\/uploads\/2024\/11\/Immetis-Linkedin-logo-reverse.png","width":1668,"height":1668,"caption":"Imm\u00e9tis"},"image":{"@id":"https:\/\/immetis.com\/en\/#\/schema\/logo\/image\/"},"sameAs":["https:\/\/www.facebook.com\/immetis\/","https:\/\/x.com\/Immetislawfirm","https:\/\/www.instagram.com\/immetiscanada","https:\/\/www.linkedin.com\/company\/immetis-legal-services"]},{"@type":"Person","@id":"https:\/\/immetis.com\/en\/#\/schema\/person\/a09edaa68466ce439b34aad5827ebaad","name":"\u00c9quipe Imm\u00e9tis","image":{"@type":"ImageObject","inLanguage":"en-CA","@id":"https:\/\/immetis.com\/en\/#\/schema\/person\/image\/","url":"https:\/\/secure.gravatar.com\/avatar\/354fa62cdb648dd9b389f3dcbb6024b844a9aff414f5e70190fc89e138b52a3d?s=96&d=mm&r=g","contentUrl":"https:\/\/secure.gravatar.com\/avatar\/354fa62cdb648dd9b389f3dcbb6024b844a9aff414f5e70190fc89e138b52a3d?s=96&d=mm&r=g","caption":"\u00c9quipe Imm\u00e9tis"}}]}},"_links":{"self":[{"href":"https:\/\/immetis.com\/en\/wp-json\/wp\/v2\/posts\/31751","targetHints":{"allow":["GET"]}}],"collection":[{"href":"https:\/\/immetis.com\/en\/wp-json\/wp\/v2\/posts"}],"about":[{"href":"https:\/\/immetis.com\/en\/wp-json\/wp\/v2\/types\/post"}],"author":[{"embeddable":true,"href":"https:\/\/immetis.com\/en\/wp-json\/wp\/v2\/users\/3"}],"replies":[{"embeddable":true,"href":"https:\/\/immetis.com\/en\/wp-json\/wp\/v2\/comments?post=31751"}],"version-history":[{"count":7,"href":"https:\/\/immetis.com\/en\/wp-json\/wp\/v2\/posts\/31751\/revisions"}],"predecessor-version":[{"id":32111,"href":"https:\/\/immetis.com\/en\/wp-json\/wp\/v2\/posts\/31751\/revisions\/32111"}],"wp:featuredmedia":[{"embeddable":true,"href":"https:\/\/immetis.com\/en\/wp-json\/wp\/v2\/media\/31753"}],"wp:attachment":[{"href":"https:\/\/immetis.com\/en\/wp-json\/wp\/v2\/media?parent=31751"}],"wp:term":[{"taxonomy":"category","embeddable":true,"href":"https:\/\/immetis.com\/en\/wp-json\/wp\/v2\/categories?post=31751"},{"taxonomy":"post_tag","embeddable":true,"href":"https:\/\/immetis.com\/en\/wp-json\/wp\/v2\/tags?post=31751"}],"curies":[{"name":"wp","href":"https:\/\/api.w.org\/{rel}","templated":true}]}}