{"id":31768,"date":"2026-02-24T12:43:00","date_gmt":"2026-02-24T17:43:00","guid":{"rendered":"https:\/\/immetis.com\/professions-en-demande-admissibles-au-traitement-simplifie-nouvelle-liste\/"},"modified":"2026-02-26T16:39:50","modified_gmt":"2026-02-26T21:39:50","slug":"professions-in-demand-eligible-to-the-facilitated-process-new-list","status":"publish","type":"post","link":"https:\/\/immetis.com\/en\/professions-in-demand-eligible-to-the-facilitated-process-new-list\/","title":{"rendered":"In-Demand Professions in Quebec : Discover the New List for LMIA Facilitated Process"},"content":{"rendered":"\n<hr class=\"wp-block-separator has-css-opacity\"\/>\n\n\n\n<div style=\"height:20px\" aria-hidden=\"true\" class=\"wp-block-spacer\"><\/div>\n\n\n\n<h4 class=\"wp-block-heading\" id=\"h-every-year-february-24th-is-a-date-eagerly-awaited-by-many-employers-facing-labor-shortages\"><strong><strong>Every year, February 24th is a date eagerly awaited by many employers facing labor shortages.<\/strong><\/strong><\/h4>\n\n\n\n<h4 class=\"wp-block-heading\" id=\"h-it-marks-the-publication-of-the-list-of-in-demand-professions-in-the-province-eligible-for-the-facilitated-procedures-to-obtain-a-work-permit\"><strong>It marks the publication of the list of in-demand professions in the province, eligible for the facilitated procedures to obtain a work permit.<\/strong><\/h4>\n\n\n\n<h4 class=\"wp-block-heading\" id=\"h-employers-wishing-to-hire-temporary-foreign-workers-in-these-professions-can-use-an-lmia-under-quebec-s-facilitated-process-explanation\"><strong>Employers wishing to hire temporary foreign workers in these professions can use an LMIA under Quebec&#8217;s facilitated process. Explanation.<\/strong><\/h4>\n\n\n\n<div style=\"height:20px\" aria-hidden=\"true\" class=\"wp-block-spacer\"><\/div>\n\n\n\n<hr class=\"wp-block-separator has-css-opacity\"\/>\n\n\n\n<div style=\"height:30px\" aria-hidden=\"true\" class=\"wp-block-spacer\"><\/div>\n\n\n\n<h2 class=\"wp-block-heading\" id=\"h-what-is-the-list-of-professions-eligible-for-the-facilitated-process\"><strong>What is the list of professions eligible for the facilitated process ?<\/strong><\/h2>\n\n\n\n<div style=\"height:30px\" aria-hidden=\"true\" class=\"wp-block-spacer\"><\/div>\n\n\n\n<p>The list of professions eligible for facilitated processing is established by <a href=\"https:\/\/www.quebec.ca\/en\/employment\" target=\"_blank\" rel=\"noreferrer noopener\"><strong>Qu\u00e9bec Emploi<\/strong><\/a> in collaboration with the <a href=\"https:\/\/www.quebec.ca\/en\/immigration\"><strong>Ministry of Immigration, Francisation, and Integration (MIFI)<\/strong><\/a>.<\/p>\n\n\n\n<div style=\"height:10px\" aria-hidden=\"true\" class=\"wp-block-spacer\"><\/div>\n\n\n\n<p>Furthermore, it is revised annually to consider the evolving labor needs of all regions of Quebec. Thus, the list includes various professions in shortage and\/or in need of labor throughout the province.<\/p>\n\n\n\n<div style=\"height:10px\" aria-hidden=\"true\" class=\"wp-block-spacer\"><\/div>\n\n\n\n<p><strong>Marked by the removal of many professions, the new list of 60 professions came into effect on February 24, 2026.<\/strong> <strong>The list is in French only.<\/strong><\/p>\n\n\n\n<div style=\"height:10px\" aria-hidden=\"true\" class=\"wp-block-spacer\"><\/div>\n\n\n\n<p>As every year, a transitional period of one month, until March 26, 2026 inclusive, is granted to employers. In other words, applications received by the Ministry or by <a href=\"https:\/\/www.canada.ca\/en\/employment-social-development.html\" target=\"_blank\" rel=\"noreferrer noopener\"><strong>Employment and Social Development Canada (&#8220;ESDC&#8221;)<\/strong><\/a> during this period can be reviewed based on the old list, in case the targeted profession does not appear on the new list in effect.<\/p>\n\n\n\n<div style=\"height:30px\" aria-hidden=\"true\" class=\"wp-block-spacer\"><\/div>\n\n\n\n<h2 class=\"wp-block-heading\" id=\"h-changes\"><strong><strong><strong><strong>Changes<\/strong><\/strong><\/strong><\/strong><\/h2>\n\n\n\n<div style=\"height:30px\" aria-hidden=\"true\" class=\"wp-block-spacer\"><\/div>\n\n\n\n<p>For 2026, the list includes 60 occupations, whereas it counted 76 in 2025. As is the case every year, several occupations historically facing labor shortages have been maintained on the list and therefore remain eligible for Quebec\u2019s simplified processing. These include:<\/p>\n\n\n\n<div style=\"height:10px\" aria-hidden=\"true\" class=\"wp-block-spacer\"><\/div>\n\n\n\n<ul class=\"wp-block-list\">\n<li>Les enseignants de niveau secondaire ou primaire<\/li>\n\n\n\n<li>Les infirmiers<\/li>\n\n\n\n<li>Quelques professions en ing\u00e9nierie ou plus techniques, telles que les \u00e9lectrom\u00e9caniciens<\/li>\n<\/ul>\n\n\n\n<div style=\"height:10px\" aria-hidden=\"true\" class=\"wp-block-spacer\"><\/div>\n\n\n\n<p><strong>The new list is notable for the removal of 19 occupations across various sectors. Among the occupations that are no longer eligible for the simplified process are:<\/strong><\/p>\n\n\n\n<div style=\"height:10px\" aria-hidden=\"true\" class=\"wp-block-spacer\"><\/div>\n\n\n\n<ul class=\"wp-block-list\">\n<li>Les professions en technologies de l\u2019information (TI)<\/li>\n\n\n\n<li>Les v\u00e9t\u00e9rinaires<\/li>\n\n\n\n<li>Les cuisiniers exp\u00e9riment\u00e9s<\/li>\n\n\n\n<li>Les conducteurs de camions et d\u2019\u00e9quipements lourds<\/li>\n<\/ul>\n\n\n\n<div style=\"height:15px\" aria-hidden=\"true\" class=\"wp-block-spacer\"><\/div>\n\n\n\n<h3 class=\"wp-block-heading\" id=\"h-focus-on-the-removal-of-it-occupations\"><em>Focus on the removal of IT occupations<\/em><\/h3>\n\n\n\n<div style=\"height:15px\" aria-hidden=\"true\" class=\"wp-block-spacer\"><\/div>\n\n\n\n<p>The removal of IT occupations can be explained by several factors. The list is traditionally intended to reflect the labor market needs in Quebec. Removing an occupation generally indicates a less acute shortage\u2014which is currently the case for IT professions.<\/p>\n\n\n\n<div style=\"height:10px\" aria-hidden=\"true\" class=\"wp-block-spacer\"><\/div>\n\n\n\n<p>However, these jobs remain highly sought-after, and many foreign workers continue to work in IT. Fortunately for them, their occupations remain eligible under the Global Talent Stream (GTS), under certain conditions.<\/p>\n\n\n\n<div style=\"height:10px\" aria-hidden=\"true\" class=\"wp-block-spacer\"><\/div>\n\n\n\n<p>The GTS is an option worth considering for employers seeking highly skilled IT professionals. It notably offers record processing times (generally 15 business days), which are significantly shorter than the delays associated with a Labour Market Impact Assessment (LMIA) under Quebec\u2019s simplified process. In return, employers must demonstrate the long-term benefits of these hires on the Canadian labor market.<\/p>\n\n\n\n<div style=\"height:10px\" aria-hidden=\"true\" class=\"wp-block-spacer\"><\/div>\n\n\n\n<p>When the GTS cannot be used, IT professionals are generally subject to the High-Wage Stream (wages above $34.62\/hour in Quebec), which exempts them from the current restrictions affecting certain types of LMIAs.<\/p>\n\n\n\n<div style=\"height:10px\" aria-hidden=\"true\" class=\"wp-block-spacer\"><\/div>\n\n\n\n<p>In conclusion, while the removal of IT occupations from the list may raise questions, its impact on hiring or renewal opportunities for affected talent remains moderate.<\/p>\n\n\n\n<div style=\"height:15px\" aria-hidden=\"true\" class=\"wp-block-spacer\"><\/div>\n\n\n\n<h3 class=\"wp-block-heading\"><em>Additions and modifications<\/em><\/h3>\n\n\n\n<div style=\"height:15px\" aria-hidden=\"true\" class=\"wp-block-spacer\"><\/div>\n\n\n\n<p>Three occupations were added to the list:<\/p>\n\n\n\n<div style=\"height:10px\" aria-hidden=\"true\" class=\"wp-block-spacer\"><\/div>\n\n\n\n<ul class=\"wp-block-list\">\n<li>Sp\u00e9cialistes en chirurgie<\/li>\n\n\n\n<li>Monteurs\/monteuses de lignes \u00e9lectriques et de c\u00e2bles<\/li>\n\n\n\n<li>M\u00e9caniciens\/m\u00e9caniciennes et contr\u00f4leurs\/contr\u00f4leuses d\u2019a\u00e9ronefs<\/li>\n<\/ul>\n\n\n\n<div style=\"height:10px\" aria-hidden=\"true\" class=\"wp-block-spacer\"><\/div>\n\n\n\n<p>The addition of these occupations reflects increased demand for these roles in Quebec.<\/p>\n\n\n\n<div style=\"height:10px\" aria-hidden=\"true\" class=\"wp-block-spacer\"><\/div>\n\n\n\n<p>At the same time, modifications were made to the following two occupations:<\/p>\n\n\n\n<div style=\"height:10px\" aria-hidden=\"true\" class=\"wp-block-spacer\"><\/div>\n\n\n\n<ul class=\"wp-block-list\">\n<li>Bouchers\/bouch\u00e8res dipl\u00f4m\u00e9s ou exp\u00e9riment\u00e9s &#8211; commerce de gros et de d\u00e9tail<\/li>\n\n\n\n<li>Boulangers-p\u00e2tissiers dipl\u00f4m\u00e9s ou exp\u00e9riment\u00e9s\/boulang\u00e8res-p\u00e2tissi\u00e8res dipl\u00f4m\u00e9es ou exp\u00e9riment\u00e9es<\/li>\n<\/ul>\n\n\n\n<div style=\"height:10px\" aria-hidden=\"true\" class=\"wp-block-spacer\"><\/div>\n\n\n\n<p>Only these specific job titles are eligible for the simplified processing. Moreover, these titles have conditions tied to their NOC code that must be met for the occupation to be considered eligible, notably regarding work experience and\/or education level.<\/p>\n\n\n\n<div style=\"height:30px\" aria-hidden=\"true\" class=\"wp-block-spacer\"><\/div>\n\n\n\n<h2 class=\"wp-block-heading\" id=\"h-how-can-this-list-facilitate-the-hiring-of-a-foreign-worker-in-quebec\"><strong><strong>How can this list facilitate the hiring of a foreign worker in Quebec ?<\/strong><\/strong><\/h2>\n\n\n\n<div style=\"height:30px\" aria-hidden=\"true\" class=\"wp-block-spacer\"><\/div>\n\n\n\n<h4 class=\"wp-block-heading\" id=\"h-meeting-the-province-s-needs\"><em><strong><strong>Meeting the province&#8217;s needs<\/strong><\/strong><\/em><\/h4>\n\n\n\n<div style=\"height:20px\" aria-hidden=\"true\" class=\"wp-block-spacer\"><\/div>\n\n\n\n<p>To meet the personnel needs in the professions listed, some employers choose <a href=\"https:\/\/immijob.com\/\" target=\"_blank\" rel=\"noreferrer noopener\"><strong>international recruitment<\/strong><\/a>.<\/p>\n\n\n\n<div style=\"height:10px\" aria-hidden=\"true\" class=\"wp-block-spacer\"><\/div>\n\n\n\n<p>Under the <a href=\"https:\/\/immetis.com\/en\/private-individuals\/visas-work-permit-in-canada\/\"><strong>Temporary Foreign Worker Program<\/strong><\/a> (TFWP), employers recruiting foreign talents generally go through a<strong> <a href=\"https:\/\/immetis.com\/en\/private-individuals\/visas-work-permit-in-canada\/\" target=\"_blank\" rel=\"noreferrer noopener\">Labor Market Impact Assessment <\/a><\/strong>(LMIA), prove that they have made recruitment efforts to fill the position with a Canadian. The job posting also includes specific rules to follow.<\/p>\n\n\n\n<div style=\"height:10px\" aria-hidden=\"true\" class=\"wp-block-spacer\"><\/div>\n\n\n\n<p>The facilitated process does not exempt the employer from the obligation to apply for an LMIA. However, if the job offered matches to one of the professions on this list, it is not necessary to post the job. This facilitated procedure thus helps reduce processing times and various steps to be completed.<\/p>\n\n\n\n<div style=\"height:20px\" aria-hidden=\"true\" class=\"wp-block-spacer\"><\/div>\n\n\n\n<h4 class=\"wp-block-heading\" id=\"h-attracting-and-retaining-talents\"><strong><em><strong>Attracting and retaining talents<\/strong><\/em><\/strong><\/h4>\n\n\n\n<div style=\"height:20px\" aria-hidden=\"true\" class=\"wp-block-spacer\"><\/div>\n\n\n\n<p>Quebec&#8217;s facilitated processing, in addition to simplifying procedures for hiring a foreign worker under a work permit, forms an <strong>effective tool for attracting talents<\/strong> to the province.<\/p>\n\n\n\n<div style=\"height:10px\" aria-hidden=\"true\" class=\"wp-block-spacer\"><\/div>\n\n\n\n<p>Indeed, workers applying for a work permit following the obtaining of an LMIA\/CAQ under Quebec&#8217;s facilitated process can be issued a work permit for a <strong>duration of up to 36 months<\/strong>.<\/p>\n\n\n\n<div style=\"height:10px\" aria-hidden=\"true\" class=\"wp-block-spacer\"><\/div>\n\n\n\n<p>A duration longer than that of work permits issued under <strong><a href=\"https:\/\/immetis.com\/en\/international-experience-canada-a-way-to-attract-young-talent\/\" target=\"_blank\" rel=\"noreferrer noopener\">International Experience Canada<\/a><\/strong>, for example.<\/p>\n\n\n\n<div style=\"height:10px\" aria-hidden=\"true\" class=\"wp-block-spacer\"><\/div>\n\n\n\n<p>Also, when it comes to retention, <strong>it is often easier for a worker under a 36-month work permit to start procedures for obtaining permanent residence<\/strong> without having to renew their status beforehand.<\/p>\n\n\n\n<div style=\"height:10px\" aria-hidden=\"true\" class=\"wp-block-spacer\"><\/div>\n\n\n\n<p>Workers with a 12-month work permit generally need the support of their (or a new) employer to renew their work permit before starting their permanent residence procedures.<\/p>\n\n\n\n<div style=\"height:10px\" aria-hidden=\"true\" class=\"wp-block-spacer\"><\/div>\n\n\n\n<p>More precisely, employers can <strong>save the costs <\/strong>of renewing a work permit and the related delays when their talents hold an initial work permit for three years.<\/p>\n\n\n\n<div style=\"height:30px\" aria-hidden=\"true\" class=\"wp-block-spacer\"><\/div>\n\n\n\n<h2 class=\"wp-block-heading\" id=\"h-employer-s-procedures\"><strong><strong>Employer&#8217;s procedures<\/strong><\/strong><\/h2>\n\n\n\n<div style=\"height:30px\" aria-hidden=\"true\" class=\"wp-block-spacer\"><\/div>\n\n\n\n<h4 class=\"wp-block-heading\" id=\"h-general-obligations\"><strong><em>General obligations<\/em><\/strong><\/h4>\n\n\n\n<div style=\"height:20px\" aria-hidden=\"true\" class=\"wp-block-spacer\"><\/div>\n\n\n\n<p>Under this program, the employer must still provide proof that :<\/p>\n\n\n\n<p>\u2013 They have made recruitment efforts to hire a Canadian worker or permanent resident ;<\/p>\n\n\n\n<p>\u2013 The foreign worker meets the job requirements in terms of diplomas and experience, among others, as well as the requirements of the <strong><a href=\"https:\/\/www.canada.ca\/en\/immigration-refugees-citizenship\/services\/immigrate-canada\/find-national-occupation-code.html\" target=\"_blank\" rel=\"noreferrer noopener\">National Occupational Classification<\/a><\/strong> ;<\/p>\n\n\n\n<p>\u2013 The hourly wage offered meets the median wage of the profession and by interval according to the quartiles in Quebec, all as established by Qu\u00e9bec Emploi.<\/p>\n\n\n\n<div style=\"height:20px\" aria-hidden=\"true\" class=\"wp-block-spacer\"><\/div>\n\n\n\n<h4 class=\"wp-block-heading\" id=\"h-obligations-for-certain-low-wage-professions\"><strong><em>Obligations for certain low-wage professions<\/em><\/strong><\/h4>\n\n\n\n<div style=\"height:20px\" aria-hidden=\"true\" class=\"wp-block-spacer\"><\/div>\n\n\n\n<p>It should also be noted that in the context of an LMIA application, the provincial or territorial wage threshold must be considered. Since June 27, 2025, <strong>the wage threshold is set at $34.62\/hour<\/strong>. Any profession paid above this wage is considered high-wage. Below, it is considered low-wage.<\/p>\n\n\n\n<div style=\"height:10px\" aria-hidden=\"true\" class=\"wp-block-spacer\"><\/div>\n\n\n\n<p>Employers hiring temporary foreign workers in a low-wage profession, including under Quebec&#8217;s facilitated process, must comply with certain obligations, <strong>in addition to the usual compliance obligations<\/strong> :<\/p>\n\n\n\n<p>&#8211; Cover the round-trip airfare for the worker ;<\/p>\n\n\n\n<p>&#8211; Ensure that the worker has decent housing, in line with their means ;<\/p>\n\n\n\n<p>&#8211; Ensure that the worker has health coverage until they are eligible for provincial health insurance.<\/p>\n\n\n\n<div style=\"height:30px\" aria-hidden=\"true\" class=\"wp-block-spacer\"><\/div>\n\n\n\n<h2 class=\"wp-block-heading\" id=\"h-new-list-of-professions-eligible-for-facilitated-processing-effective-february-24-2026-french-only\"><strong><strong>New list of professions eligible for facilitated processing, effective February 24, 2026<\/strong><\/strong> (French only)<\/h2>\n\n\n\n<div style=\"height:30px\" aria-hidden=\"true\" class=\"wp-block-spacer\"><\/div>\n\n\n\n<figure class=\"wp-block-table\"><table><tbody><tr><td>21300<\/td><td>Ing\u00e9nieurs civils\/ing\u00e9nieures civiles<\/td><\/tr><tr><td>21321<\/td><td>Ing\u00e9nieurs\/ing\u00e9nieures d\u2019industrie et de fabrication<\/td><\/tr><tr><td>22300<\/td><td>Technologues et techniciens\/techniciennes en g\u00e9nie civil<\/td><\/tr><tr><td>22301<\/td><td>Technologues et techniciens\/techniciennes en g\u00e9nie m\u00e9canique<\/td><\/tr><tr><td>22310<\/td><td>Technologues et techniciens\/techniciennes en g\u00e9nie \u00e9lectrique et \u00e9lectronique<\/td><\/tr><tr><td>22311<\/td><td>\u00c9lectroniciens\/\u00e9lectroniciennes d\u2019entretien (biens domestiques et commerciaux)<\/td><\/tr><tr><td>31100<\/td><td>Sp\u00e9cialistes en m\u00e9decine clinique et de laboratoire<\/td><\/tr><tr><td>31101<\/td><td>Sp\u00e9cialistes en chirurgie<\/td><\/tr><tr><td>31102<\/td><td>Omnipraticiens\/omnipraticiennes et m\u00e9decins en m\u00e9decine familiale<\/td><\/tr><tr><td>31120<\/td><td>Pharmaciens\/pharmaciennes<\/td><\/tr><tr><td>31200<\/td><td>Psychologues<\/td><\/tr><tr><td>31202<\/td><td>Physioth\u00e9rapeutes<\/td><\/tr><tr><td>31203<\/td><td>Ergoth\u00e9rapeutes<\/td><\/tr><tr><td>31301<\/td><td>Infirmiers autoris\u00e9s\/infirmi\u00e8res autoris\u00e9es et infirmiers psychiatriques autoris\u00e9s\/infirmi\u00e8res psychiatriques autoris\u00e9es<\/td><\/tr><tr><td>31302<\/td><td>Infirmiers praticiens\/infirmi\u00e8res praticiennes<\/td><\/tr><tr><td>32101<\/td><td>Infirmiers auxiliaires\/infirmi\u00e8res auxiliaires<\/td><\/tr><tr><td>32103<\/td><td>Inhaloth\u00e9rapeutes, perfusionnistes cardiovasculaires et technologues cardiopulmonaires<\/td><\/tr><tr><td>32111<\/td><td>Hygi\u00e9nistes et th\u00e9rapeutes dentaires<\/td><\/tr><tr><td>32120<\/td><td>Technologues de laboratoires m\u00e9dicaux<\/td><\/tr><tr><td>32121<\/td><td>Technologues en radiation m\u00e9dicale<\/td><\/tr><tr><td>32123<\/td><td>Technologues en cardiologie et technologues en \u00e9lectrophysiologie diagnostique<\/td><\/tr><tr><td>33102<\/td><td>Aides-infirmiers\/aides-infirmi\u00e8res, aides-soignants\/aides-soignantes et pr\u00e9pos\u00e9s\/pr\u00e9pos\u00e9es aux b\u00e9n\u00e9ficiaires dipl\u00f4m\u00e9s (uniquement cette appellation)<\/td><\/tr><tr><td>41220<\/td><td>Enseignants\/enseignantes au niveau secondaire (uniquement pour les \u00e9tablissements d\u2019enseignement d\u00e9sign\u00e9s et reconnus par le minist\u00e8re de l\u2019\u00c9ducation et de l\u2019Enseignement sup\u00e9rieur ou un autre minist\u00e8re ou un organisme mandataire de l\u2019\u00c9tat)<\/td><\/tr><tr><td>41221<\/td><td>Enseignants\/enseignantes aux niveaux primaire et pr\u00e9scolaire (uniquement pour les \u00e9tablissements d\u2019enseignement d\u00e9signe\u00e9s et reconnus par le minist\u00e8re de l\u2019\u00c9ducation et de l\u2019Enseignement sup\u00e9rieur ou un autre minist\u00e8re ou un organisme mandataire de l\u2019\u00c9tat)<\/td><\/tr><tr><td>41300<\/td><td>Travailleurs sociaux\/travailleuses sociales<\/td><\/tr><tr><td>41301<\/td><td>Th\u00e9rapeutes en counseling et th\u00e9rapies sp\u00e9cialis\u00e9es connexes<\/td><\/tr><tr><td>42201<\/td><td>Travailleurs\/travailleuses des services sociaux et communautaires<\/td><\/tr><tr><td>42202<\/td><td>\u00c9ducateurs\/\u00e9ducatrices de la petite enfance dipl\u00f4m\u00e9s (uniquement cette appellation). L\u2019employeur autoris\u00e9 \u00e0 embaucher est un \u00e9tablissement d\u2019enseignement d\u00e9sign\u00e9 et reconnu par le minist\u00e8re de l\u2019\u00c9ducation ou un autre minist\u00e8re ou un organisme mandataire de l\u2019\u00c9tat, ou un service de garde reconnu par le minist\u00e8re de la Famille).<\/td><\/tr><tr><td>42203<\/td><td>Instructeurs\/instructrices pour personnes ayant une d\u00e9ficience<\/td><\/tr><tr><td>62020<\/td><td>Superviseurs\/superviseures des services alimentaires dipl\u00f4m\u00e9s (uniquement cette appellation)<\/td><\/tr><tr><td>63201<\/td><td>Bouchers\/bouch\u00e8res dipl\u00f4m\u00e9s ou exp\u00e9riment\u00e9s &#8211; commerce de gros et de d\u00e9tail (uniquement cette appellation)<\/td><\/tr><tr><td>63202<\/td><td>Boulangers-Boulangers-p\u00e2tissiers dipl\u00f4m\u00e9s ou exp\u00e9riment\u00e9s\/boulang\u00e8res-p\u00e2tissi\u00e8res dipl\u00f4m\u00e9es ou exp\u00e9riment\u00e9es (uniquement cette appellation)<\/td><\/tr><tr><td>72100<\/td><td>Machinistes et v\u00e9rificateurs\/v\u00e9rificatrices d\u2019usinage et d\u2019outillage<\/td><\/tr><tr><td>72102<\/td><td>T\u00f4liers\/t\u00f4li\u00e8res<\/td><\/tr><tr><td>72105<\/td><td>Monteurs\/monteuses de charpentes m\u00e9talliques<\/td><\/tr><tr><td>72106<\/td><td>Soudeurs\/soudeuses et op\u00e9rateurs\/op\u00e9ratrices de machines \u00e0 souder et \u00e0 braser<\/td><\/tr><tr><td>72200<\/td><td>\u00c9lectriciens\/\u00e9lectriciennes (sauf \u00e9lectriciens industriels\/\u00e9lectriciennes industrielles et de r\u00e9seaux \u00e9lectriques)<\/td><\/tr><tr><td>72201<\/td><td>\u00c9lectriciens industriels\/\u00e9lectriciennes industrielles<\/td><\/tr><tr><td>72203<\/td><td>Monteurs\/monteuses de lignes \u00e9lectriques et de c\u00e2bles<\/td><\/tr><tr><td>72204<\/td><td>Installateurs\/installatrices et r\u00e9parateurs\/r\u00e9paratrices de lignes et de c\u00e2bles de t\u00e9l\u00e9communications<\/td><\/tr><tr><td>72301<\/td><td>Tuyauteurs\/tuyauteuses, monteurs\/monteuses d\u2019appareils de chauffage et poseurs\/poseuses de gicleurs<\/td><\/tr><tr><td>72310<\/td><td>Charpentiers-menuisiers\/charpenti\u00e8res-menuisi\u00e8res<\/td><\/tr><tr><td>72320<\/td><td>Briqueteurs-ma\u00e7ons\/briqueteuses-ma\u00e7onnes<\/td><\/tr><tr><td>72400<\/td><td>M\u00e9caniciens\/m\u00e9caniciennes de chantier et m\u00e9caniciens industriels\/m\u00e9caniciennes industrielles<\/td><\/tr><tr><td>72401<\/td><td>M\u00e9caniciens\/m\u00e9caniciennes d\u2019\u00e9quipement lourd<\/td><\/tr><tr><td>72402<\/td><td>M\u00e9caniciens\/m\u00e9caniciennes en chauffage, r\u00e9frig\u00e9ration et climatisation<\/td><\/tr><tr><td>72404<\/td><td>M\u00e9caniciens\/m\u00e9caniciennes et contr\u00f4leurs\/contr\u00f4leuses d\u2019a\u00e9ronefs<\/td><\/tr><tr><td>72406<\/td><td>Constructeurs\/constructrices et m\u00e9caniciens\/m\u00e9caniciennes d\u2019ascenseurs<\/td><\/tr><tr><td>72410<\/td><td>M\u00e9caniciens\/m\u00e9caniciennes et r\u00e9parateurs\/r\u00e9paratrices de v\u00e9hicules automobiles, de camions et d\u2019autobus dipl\u00f4m\u00e9s (uniquement cette appellation)<\/td><\/tr><tr><td>72411<\/td><td>Techniciens\/techniciennes en collision, en carrosserie, en peinture et en glace de v\u00e9hicule automobile et estimateurs\/estimatrices de dommages dipl\u00f4m\u00e9s (uniquement cette appellation)<\/td><\/tr><tr><td>72422<\/td><td>\u00c9lectrom\u00e9caniciens\/\u00e9lectrom\u00e9caniciennes<\/td><\/tr><tr><td>72500<\/td><td>Grutiers\/Gruti\u00e8res<\/td><\/tr><tr><td>73100<\/td><td>Finisseurs\/finisseuses de b\u00e9ton<\/td><\/tr><tr><td>73101<\/td><td>Carreleurs\/carreleuses<\/td><\/tr><tr><td>73102<\/td><td>Pl\u00e2triers\/pl\u00e2tri\u00e8res, poseurs\/poseuses et finisseurs\/finisseuses de syst\u00e8mes int\u00e9rieurs et latteurs\/latteuses<\/td><\/tr><tr><td>73110<\/td><td>Couvreurs\/couvreuses et poseurs\/poseuses de bardeaux<\/td><\/tr><tr><td>73111<\/td><td>Vitriers\/vitri\u00e8res<\/td><\/tr><tr><td>73112<\/td><td>Peintres et d\u00e9corateurs\/d\u00e9coratrices (sauf d\u00e9corateurs\/d\u00e9coratrices d\u2019int\u00e9rieur)<\/td><\/tr><tr><td>73113<\/td><td>Poseurs\/poseuses de rev\u00eatements d\u2019int\u00e9rieur<\/td><\/tr><tr><td>92012<\/td><td>Surveillants\/surveillantes dans la transformation des aliments et des boissons<\/td><\/tr><tr><td>92101<\/td><td>Op\u00e9rateurs\/op\u00e9ratrices d\u2019installations du traitement de l\u2019eau et des d\u00e9chets<\/td><\/tr><\/tbody><\/table><\/figure>\n\n\n\n<hr class=\"wp-block-separator has-css-opacity\"\/>\n\n\n\n<div style=\"height:20px\" aria-hidden=\"true\" class=\"wp-block-spacer\"><\/div>\n\n\n\n<p><em>This article covers recent news and is therefore subject to updates at any time. Its last update was on February 24, 2026.<\/em><\/p>\n\n\n\n<p class=\"has-small-font-size\"><em>Picture by <a href=\"https:\/\/unsplash.com\/fr\/@redaquamedia\">Denny M\u00fcller<\/a> on <a href=\"https:\/\/unsplash.com\/fr\/photos\/papier-dimprimante-blanc-avec-texte-noir-jLjfAWwHdB8\">Unsplash<\/a><\/em><\/p>\n\n\n\n<p><\/p>\n","protected":false},"excerpt":{"rendered":"<p>In-demand professions eligible for the facilitated processing: The new list is available! Don&#8217;t wait to check it out!<\/p>\n","protected":false},"author":3,"featured_media":31332,"comment_status":"closed","ping_status":"open","sticky":false,"template":"","format":"standard","meta":{"_acf_changed":false,"footnotes":""},"categories":[205,238],"tags":[181,187,182,334,54,234,188,189,291,271,176,336,332],"class_list":["post-31768","post","type-post","status-publish","format-standard","has-post-thumbnail","hentry","category-news","category-professionals","tag-canada-en","tag-emploi-quebec-en","tag-employer","tag-employeur","tag-foreign-worker","tag-immigration-en","tag-in-demand-professions","tag-mifi-en","tag-mifi-en-2","tag-quebec-en","tag-simplified-quebec-lmia","tag-travailler-au-quebec","tag-travailleur-etranger"],"acf":[],"yoast_head":"<!-- This site is optimized with the Yoast SEO Premium plugin v27.1 (Yoast SEO v27.1.1) - https:\/\/yoast.com\/product\/yoast-seo-premium-wordpress\/ -->\n<title>List for the LMIA facilitated\u00a0process - Immetis Canada<\/title>\n<meta name=\"description\" content=\"In-demand professions eligible for the facilitated processing: The new list is available! Don&#039;t wait to check it out!\" \/>\n<meta name=\"robots\" content=\"index, follow, max-snippet:-1, max-image-preview:large, max-video-preview:-1\" \/>\n<link rel=\"canonical\" href=\"https:\/\/immetis.com\/en\/professions-in-demand-eligible-to-the-facilitated-process-new-list\/\" \/>\n<meta property=\"og:locale\" content=\"en_US\" \/>\n<meta property=\"og:type\" content=\"article\" \/>\n<meta property=\"og:title\" content=\"List for the LMIA facilitated\u00a0process - Immetis Canada\" \/>\n<meta property=\"og:description\" content=\"In-demand professions eligible for the facilitated processing: The new list is available! Don&#039;t wait to check it out!\" \/>\n<meta property=\"og:url\" content=\"https:\/\/immetis.com\/en\/professions-in-demand-eligible-to-the-facilitated-process-new-list\/\" \/>\n<meta property=\"og:site_name\" content=\"Imm\u00e9tis\" \/>\n<meta property=\"article:publisher\" content=\"https:\/\/www.facebook.com\/immetis\/\" \/>\n<meta property=\"article:published_time\" content=\"2026-02-24T17:43:00+00:00\" \/>\n<meta property=\"article:modified_time\" content=\"2026-02-26T21:39:50+00:00\" \/>\n<meta property=\"og:image\" content=\"https:\/\/immetis.com\/wp-content\/uploads\/2024\/02\/denny-muller-jLjfAWwHdB8-unsplash-2-scaled.jpg\" \/>\n\t<meta property=\"og:image:width\" content=\"2560\" \/>\n\t<meta property=\"og:image:height\" content=\"1707\" \/>\n\t<meta property=\"og:image:type\" content=\"image\/jpeg\" \/>\n<meta name=\"author\" content=\"\u00c9quipe Imm\u00e9tis\" \/>\n<meta name=\"twitter:card\" content=\"summary_large_image\" \/>\n<meta name=\"twitter:title\" content=\"Liste admissible au processus simplifi\u00e9 du Qu\u00e9bec - Imm\u00e9tis\" \/>\n<meta name=\"twitter:description\" content=\"La nouvelle liste des professions admissibles au traitement simplifi\u00e9 du Qu\u00e9bec est disponible. D\u00e9couvrez la sans attendre !\" \/>\n<meta name=\"twitter:image\" content=\"https:\/\/immetis.com\/wp-content\/uploads\/2024\/02\/denny-muller-jLjfAWwHdB8-unsplash-2-scaled.jpg\" \/>\n<meta name=\"twitter:creator\" content=\"@Immetislawfirm\" \/>\n<meta name=\"twitter:site\" content=\"@Immetislawfirm\" \/>\n<meta name=\"twitter:label1\" content=\"Written by\" \/>\n\t<meta name=\"twitter:data1\" content=\"\u00c9quipe Imm\u00e9tis\" \/>\n\t<meta name=\"twitter:label2\" content=\"Est. reading time\" \/>\n\t<meta name=\"twitter:data2\" content=\"9 minutes\" \/>\n<script type=\"application\/ld+json\" class=\"yoast-schema-graph\">{\"@context\":\"https:\/\/schema.org\",\"@graph\":[{\"@type\":\"Article\",\"@id\":\"https:\/\/immetis.com\/en\/professions-in-demand-eligible-to-the-facilitated-process-new-list\/#article\",\"isPartOf\":{\"@id\":\"https:\/\/immetis.com\/en\/professions-in-demand-eligible-to-the-facilitated-process-new-list\/\"},\"author\":{\"name\":\"\u00c9quipe Imm\u00e9tis\",\"@id\":\"https:\/\/immetis.com\/en\/#\/schema\/person\/a09edaa68466ce439b34aad5827ebaad\"},\"headline\":\"In-Demand Professions in Quebec : Discover the New List for LMIA Facilitated Process\",\"datePublished\":\"2026-02-24T17:43:00+00:00\",\"dateModified\":\"2026-02-26T21:39:50+00:00\",\"mainEntityOfPage\":{\"@id\":\"https:\/\/immetis.com\/en\/professions-in-demand-eligible-to-the-facilitated-process-new-list\/\"},\"wordCount\":1864,\"publisher\":{\"@id\":\"https:\/\/immetis.com\/en\/#organization\"},\"image\":{\"@id\":\"https:\/\/immetis.com\/en\/professions-in-demand-eligible-to-the-facilitated-process-new-list\/#primaryimage\"},\"thumbnailUrl\":\"https:\/\/immetis.com\/wp-content\/uploads\/2024\/02\/denny-muller-jLjfAWwHdB8-unsplash-2-scaled.jpg\",\"keywords\":[\"Canada\",\"Emploi Qu\u00e9bec\",\"Employer\",\"Employeur\",\"Foreign Worker\",\"Immigration\",\"In-demand professions\",\"MIFI\",\"MIFI\",\"QUEBEC\",\"Simplified Quebec LMIA\",\"Travailler au Qu\u00e9bec\",\"Travailleur \u00e9tranger\"],\"articleSection\":[\"News\",\"Professionals\"],\"inLanguage\":\"en-CA\"},{\"@type\":\"WebPage\",\"@id\":\"https:\/\/immetis.com\/en\/professions-in-demand-eligible-to-the-facilitated-process-new-list\/\",\"url\":\"https:\/\/immetis.com\/en\/professions-in-demand-eligible-to-the-facilitated-process-new-list\/\",\"name\":\"List for the LMIA facilitated\u00a0process - Immetis Canada\",\"isPartOf\":{\"@id\":\"https:\/\/immetis.com\/en\/#website\"},\"primaryImageOfPage\":{\"@id\":\"https:\/\/immetis.com\/en\/professions-in-demand-eligible-to-the-facilitated-process-new-list\/#primaryimage\"},\"image\":{\"@id\":\"https:\/\/immetis.com\/en\/professions-in-demand-eligible-to-the-facilitated-process-new-list\/#primaryimage\"},\"thumbnailUrl\":\"https:\/\/immetis.com\/wp-content\/uploads\/2024\/02\/denny-muller-jLjfAWwHdB8-unsplash-2-scaled.jpg\",\"datePublished\":\"2026-02-24T17:43:00+00:00\",\"dateModified\":\"2026-02-26T21:39:50+00:00\",\"description\":\"In-demand professions eligible for the facilitated processing: The new list is available! Don't wait to check it out!\",\"breadcrumb\":{\"@id\":\"https:\/\/immetis.com\/en\/professions-in-demand-eligible-to-the-facilitated-process-new-list\/#breadcrumb\"},\"inLanguage\":\"en-CA\",\"potentialAction\":[{\"@type\":\"ReadAction\",\"target\":[\"https:\/\/immetis.com\/en\/professions-in-demand-eligible-to-the-facilitated-process-new-list\/\"]}]},{\"@type\":\"ImageObject\",\"inLanguage\":\"en-CA\",\"@id\":\"https:\/\/immetis.com\/en\/professions-in-demand-eligible-to-the-facilitated-process-new-list\/#primaryimage\",\"url\":\"https:\/\/immetis.com\/wp-content\/uploads\/2024\/02\/denny-muller-jLjfAWwHdB8-unsplash-2-scaled.jpg\",\"contentUrl\":\"https:\/\/immetis.com\/wp-content\/uploads\/2024\/02\/denny-muller-jLjfAWwHdB8-unsplash-2-scaled.jpg\",\"width\":2560,\"height\":1707,\"caption\":\"In-demand professions eligible for the facilitated processing: The new list is available! Don't wait to check it out!\"},{\"@type\":\"BreadcrumbList\",\"@id\":\"https:\/\/immetis.com\/en\/professions-in-demand-eligible-to-the-facilitated-process-new-list\/#breadcrumb\",\"itemListElement\":[{\"@type\":\"ListItem\",\"position\":1,\"name\":\"Accueil\",\"item\":\"https:\/\/immetis.com\/en\/\"},{\"@type\":\"ListItem\",\"position\":2,\"name\":\"In-Demand Professions in Quebec : Discover the New List for LMIA Facilitated Process\"}]},{\"@type\":\"WebSite\",\"@id\":\"https:\/\/immetis.com\/en\/#website\",\"url\":\"https:\/\/immetis.com\/en\/\",\"name\":\"Imm\u00e9tis\",\"description\":\"Avocats en immigration et mobilit\u00e9 professionnelle au Canada\",\"publisher\":{\"@id\":\"https:\/\/immetis.com\/en\/#organization\"},\"potentialAction\":[{\"@type\":\"SearchAction\",\"target\":{\"@type\":\"EntryPoint\",\"urlTemplate\":\"https:\/\/immetis.com\/en\/?s={search_term_string}\"},\"query-input\":{\"@type\":\"PropertyValueSpecification\",\"valueRequired\":true,\"valueName\":\"search_term_string\"}}],\"inLanguage\":\"en-CA\"},{\"@type\":\"Organization\",\"@id\":\"https:\/\/immetis.com\/en\/#organization\",\"name\":\"Imm\u00e9tis\",\"url\":\"https:\/\/immetis.com\/en\/\",\"logo\":{\"@type\":\"ImageObject\",\"inLanguage\":\"en-CA\",\"@id\":\"https:\/\/immetis.com\/en\/#\/schema\/logo\/image\/\",\"url\":\"https:\/\/immetis.com\/wp-content\/uploads\/2024\/11\/Immetis-Linkedin-logo-reverse.png\",\"contentUrl\":\"https:\/\/immetis.com\/wp-content\/uploads\/2024\/11\/Immetis-Linkedin-logo-reverse.png\",\"width\":1668,\"height\":1668,\"caption\":\"Imm\u00e9tis\"},\"image\":{\"@id\":\"https:\/\/immetis.com\/en\/#\/schema\/logo\/image\/\"},\"sameAs\":[\"https:\/\/www.facebook.com\/immetis\/\",\"https:\/\/x.com\/Immetislawfirm\",\"https:\/\/www.instagram.com\/immetiscanada\",\"https:\/\/www.linkedin.com\/company\/immetis-legal-services\"]},{\"@type\":\"Person\",\"@id\":\"https:\/\/immetis.com\/en\/#\/schema\/person\/a09edaa68466ce439b34aad5827ebaad\",\"name\":\"\u00c9quipe Imm\u00e9tis\",\"image\":{\"@type\":\"ImageObject\",\"inLanguage\":\"en-CA\",\"@id\":\"https:\/\/immetis.com\/en\/#\/schema\/person\/image\/\",\"url\":\"https:\/\/secure.gravatar.com\/avatar\/354fa62cdb648dd9b389f3dcbb6024b844a9aff414f5e70190fc89e138b52a3d?s=96&d=mm&r=g\",\"contentUrl\":\"https:\/\/secure.gravatar.com\/avatar\/354fa62cdb648dd9b389f3dcbb6024b844a9aff414f5e70190fc89e138b52a3d?s=96&d=mm&r=g\",\"caption\":\"\u00c9quipe Imm\u00e9tis\"}}]}<\/script>\n<!-- \/ Yoast SEO Premium plugin. -->","yoast_head_json":{"title":"List for the LMIA facilitated\u00a0process - Immetis Canada","description":"In-demand professions eligible for the facilitated processing: The new list is available! Don't wait to check it out!","robots":{"index":"index","follow":"follow","max-snippet":"max-snippet:-1","max-image-preview":"max-image-preview:large","max-video-preview":"max-video-preview:-1"},"canonical":"https:\/\/immetis.com\/en\/professions-in-demand-eligible-to-the-facilitated-process-new-list\/","og_locale":"en_US","og_type":"article","og_title":"List for the LMIA facilitated\u00a0process - Immetis Canada","og_description":"In-demand professions eligible for the facilitated processing: The new list is available! Don't wait to check it out!","og_url":"https:\/\/immetis.com\/en\/professions-in-demand-eligible-to-the-facilitated-process-new-list\/","og_site_name":"Imm\u00e9tis","article_publisher":"https:\/\/www.facebook.com\/immetis\/","article_published_time":"2026-02-24T17:43:00+00:00","article_modified_time":"2026-02-26T21:39:50+00:00","og_image":[{"width":2560,"height":1707,"url":"https:\/\/immetis.com\/wp-content\/uploads\/2024\/02\/denny-muller-jLjfAWwHdB8-unsplash-2-scaled.jpg","type":"image\/jpeg"}],"author":"\u00c9quipe Imm\u00e9tis","twitter_card":"summary_large_image","twitter_title":"Liste admissible au processus simplifi\u00e9 du Qu\u00e9bec - Imm\u00e9tis","twitter_description":"La nouvelle liste des professions admissibles au traitement simplifi\u00e9 du Qu\u00e9bec est disponible. D\u00e9couvrez la sans attendre !","twitter_image":"https:\/\/immetis.com\/wp-content\/uploads\/2024\/02\/denny-muller-jLjfAWwHdB8-unsplash-2-scaled.jpg","twitter_creator":"@Immetislawfirm","twitter_site":"@Immetislawfirm","twitter_misc":{"Written by":"\u00c9quipe Imm\u00e9tis","Est. reading time":"9 minutes"},"schema":{"@context":"https:\/\/schema.org","@graph":[{"@type":"Article","@id":"https:\/\/immetis.com\/en\/professions-in-demand-eligible-to-the-facilitated-process-new-list\/#article","isPartOf":{"@id":"https:\/\/immetis.com\/en\/professions-in-demand-eligible-to-the-facilitated-process-new-list\/"},"author":{"name":"\u00c9quipe Imm\u00e9tis","@id":"https:\/\/immetis.com\/en\/#\/schema\/person\/a09edaa68466ce439b34aad5827ebaad"},"headline":"In-Demand Professions in Quebec : Discover the New List for LMIA Facilitated Process","datePublished":"2026-02-24T17:43:00+00:00","dateModified":"2026-02-26T21:39:50+00:00","mainEntityOfPage":{"@id":"https:\/\/immetis.com\/en\/professions-in-demand-eligible-to-the-facilitated-process-new-list\/"},"wordCount":1864,"publisher":{"@id":"https:\/\/immetis.com\/en\/#organization"},"image":{"@id":"https:\/\/immetis.com\/en\/professions-in-demand-eligible-to-the-facilitated-process-new-list\/#primaryimage"},"thumbnailUrl":"https:\/\/immetis.com\/wp-content\/uploads\/2024\/02\/denny-muller-jLjfAWwHdB8-unsplash-2-scaled.jpg","keywords":["Canada","Emploi Qu\u00e9bec","Employer","Employeur","Foreign Worker","Immigration","In-demand professions","MIFI","MIFI","QUEBEC","Simplified Quebec LMIA","Travailler au Qu\u00e9bec","Travailleur \u00e9tranger"],"articleSection":["News","Professionals"],"inLanguage":"en-CA"},{"@type":"WebPage","@id":"https:\/\/immetis.com\/en\/professions-in-demand-eligible-to-the-facilitated-process-new-list\/","url":"https:\/\/immetis.com\/en\/professions-in-demand-eligible-to-the-facilitated-process-new-list\/","name":"List for the LMIA facilitated\u00a0process - Immetis Canada","isPartOf":{"@id":"https:\/\/immetis.com\/en\/#website"},"primaryImageOfPage":{"@id":"https:\/\/immetis.com\/en\/professions-in-demand-eligible-to-the-facilitated-process-new-list\/#primaryimage"},"image":{"@id":"https:\/\/immetis.com\/en\/professions-in-demand-eligible-to-the-facilitated-process-new-list\/#primaryimage"},"thumbnailUrl":"https:\/\/immetis.com\/wp-content\/uploads\/2024\/02\/denny-muller-jLjfAWwHdB8-unsplash-2-scaled.jpg","datePublished":"2026-02-24T17:43:00+00:00","dateModified":"2026-02-26T21:39:50+00:00","description":"In-demand professions eligible for the facilitated processing: The new list is available! Don't wait to check it out!","breadcrumb":{"@id":"https:\/\/immetis.com\/en\/professions-in-demand-eligible-to-the-facilitated-process-new-list\/#breadcrumb"},"inLanguage":"en-CA","potentialAction":[{"@type":"ReadAction","target":["https:\/\/immetis.com\/en\/professions-in-demand-eligible-to-the-facilitated-process-new-list\/"]}]},{"@type":"ImageObject","inLanguage":"en-CA","@id":"https:\/\/immetis.com\/en\/professions-in-demand-eligible-to-the-facilitated-process-new-list\/#primaryimage","url":"https:\/\/immetis.com\/wp-content\/uploads\/2024\/02\/denny-muller-jLjfAWwHdB8-unsplash-2-scaled.jpg","contentUrl":"https:\/\/immetis.com\/wp-content\/uploads\/2024\/02\/denny-muller-jLjfAWwHdB8-unsplash-2-scaled.jpg","width":2560,"height":1707,"caption":"In-demand professions eligible for the facilitated processing: The new list is available! Don't wait to check it out!"},{"@type":"BreadcrumbList","@id":"https:\/\/immetis.com\/en\/professions-in-demand-eligible-to-the-facilitated-process-new-list\/#breadcrumb","itemListElement":[{"@type":"ListItem","position":1,"name":"Accueil","item":"https:\/\/immetis.com\/en\/"},{"@type":"ListItem","position":2,"name":"In-Demand Professions in Quebec : Discover the New List for LMIA Facilitated Process"}]},{"@type":"WebSite","@id":"https:\/\/immetis.com\/en\/#website","url":"https:\/\/immetis.com\/en\/","name":"Imm\u00e9tis","description":"Avocats en immigration et mobilit\u00e9 professionnelle au Canada","publisher":{"@id":"https:\/\/immetis.com\/en\/#organization"},"potentialAction":[{"@type":"SearchAction","target":{"@type":"EntryPoint","urlTemplate":"https:\/\/immetis.com\/en\/?s={search_term_string}"},"query-input":{"@type":"PropertyValueSpecification","valueRequired":true,"valueName":"search_term_string"}}],"inLanguage":"en-CA"},{"@type":"Organization","@id":"https:\/\/immetis.com\/en\/#organization","name":"Imm\u00e9tis","url":"https:\/\/immetis.com\/en\/","logo":{"@type":"ImageObject","inLanguage":"en-CA","@id":"https:\/\/immetis.com\/en\/#\/schema\/logo\/image\/","url":"https:\/\/immetis.com\/wp-content\/uploads\/2024\/11\/Immetis-Linkedin-logo-reverse.png","contentUrl":"https:\/\/immetis.com\/wp-content\/uploads\/2024\/11\/Immetis-Linkedin-logo-reverse.png","width":1668,"height":1668,"caption":"Imm\u00e9tis"},"image":{"@id":"https:\/\/immetis.com\/en\/#\/schema\/logo\/image\/"},"sameAs":["https:\/\/www.facebook.com\/immetis\/","https:\/\/x.com\/Immetislawfirm","https:\/\/www.instagram.com\/immetiscanada","https:\/\/www.linkedin.com\/company\/immetis-legal-services"]},{"@type":"Person","@id":"https:\/\/immetis.com\/en\/#\/schema\/person\/a09edaa68466ce439b34aad5827ebaad","name":"\u00c9quipe Imm\u00e9tis","image":{"@type":"ImageObject","inLanguage":"en-CA","@id":"https:\/\/immetis.com\/en\/#\/schema\/person\/image\/","url":"https:\/\/secure.gravatar.com\/avatar\/354fa62cdb648dd9b389f3dcbb6024b844a9aff414f5e70190fc89e138b52a3d?s=96&d=mm&r=g","contentUrl":"https:\/\/secure.gravatar.com\/avatar\/354fa62cdb648dd9b389f3dcbb6024b844a9aff414f5e70190fc89e138b52a3d?s=96&d=mm&r=g","caption":"\u00c9quipe Imm\u00e9tis"}}]}},"_links":{"self":[{"href":"https:\/\/immetis.com\/en\/wp-json\/wp\/v2\/posts\/31768","targetHints":{"allow":["GET"]}}],"collection":[{"href":"https:\/\/immetis.com\/en\/wp-json\/wp\/v2\/posts"}],"about":[{"href":"https:\/\/immetis.com\/en\/wp-json\/wp\/v2\/types\/post"}],"author":[{"embeddable":true,"href":"https:\/\/immetis.com\/en\/wp-json\/wp\/v2\/users\/3"}],"replies":[{"embeddable":true,"href":"https:\/\/immetis.com\/en\/wp-json\/wp\/v2\/comments?post=31768"}],"version-history":[{"count":7,"href":"https:\/\/immetis.com\/en\/wp-json\/wp\/v2\/posts\/31768\/revisions"}],"predecessor-version":[{"id":34384,"href":"https:\/\/immetis.com\/en\/wp-json\/wp\/v2\/posts\/31768\/revisions\/34384"}],"wp:featuredmedia":[{"embeddable":true,"href":"https:\/\/immetis.com\/en\/wp-json\/wp\/v2\/media\/31332"}],"wp:attachment":[{"href":"https:\/\/immetis.com\/en\/wp-json\/wp\/v2\/media?parent=31768"}],"wp:term":[{"taxonomy":"category","embeddable":true,"href":"https:\/\/immetis.com\/en\/wp-json\/wp\/v2\/categories?post=31768"},{"taxonomy":"post_tag","embeddable":true,"href":"https:\/\/immetis.com\/en\/wp-json\/wp\/v2\/tags?post=31768"}],"curies":[{"name":"wp","href":"https:\/\/api.w.org\/{rel}","templated":true}]}}